{"id":74034,"date":"2024-06-04T10:37:02","date_gmt":"2024-06-04T13:37:02","guid":{"rendered":"https:\/\/www.masrojo.com.ar\/home\/?p=74034"},"modified":"2024-07-05T20:13:26","modified_gmt":"2024-07-05T23:13:26","slug":"empate-con-polemica-ante-defensa-y-justicia","status":"publish","type":"post","link":"https:\/\/www.masrojo.com.ar\/home\/2024\/06\/04\/empate-con-polemica-ante-defensa-y-justicia\/","title":{"rendered":"Empate con pol\u00e9mica ante Defensa y Justicia"},"content":{"rendered":"<p>Independiente se enfrent\u00f3 ante Defensa y Justicia por la cuarta fecha de la Liga Profesional en el Estadio Norberto Tomaghello. Con un gol anulado por un offside milim\u00e9trico de Gabriel \u00c1valos, el encuentro termin\u00f3 en un empate sin goles.<\/p>\n<p>Los once de Hugo Tocalli fueron: Rodrigo Rey; Santiago Salle, Juan Manuel Fedorco, Joaqu\u00edn Laso, Dami\u00e1n P\u00e9rez; David Mart\u00ednez, Federico Mancuello, Lautaro Mill\u00e1n, Santiago L\u00f3pez; Diego Tarzia y Gabriel \u00c1valos.<\/p>\n<p>En el primer tiempo, Independiente tuvo m\u00e1s la pelota y demostr\u00f3 mejor calidad de juego que el Halc\u00f3n de Varela. Tanto, que a los 32&#8242; del primer tiempo, luego de una pelota parada ejecutada por Mancuello, asistencia de Gabriel \u00c1valos y definici\u00f3n de Fedorco, el Rojo se pon\u00eda 1 a 0 en Florencio Varela. Pero no iba a durar mucho, ya que segundos despu\u00e9s el VAR llam\u00f3 al \u00e1rbitro y luego de unos minutos de trazar las l\u00edneas, terminaron indicando posici\u00f3n adelantada de \u00c1valos, por lo que el gol fue anulado.<\/p>\n<p><img decoding=\"async\" class=\"aligncenter\" src=\"https:\/\/pbs.twimg.com\/media\/GPOW0PbXoAAb3Yh?format=jpg&amp;name=small\" alt=\"Imagen\" \/><\/p>\n<p>La jugada de la pol\u00e9mica.<\/p>\n<p>Luego, en el segundo tiempo, Independiente se desdibuj\u00f3 logrando que el rival tenga m\u00e1s la pelota y termine necesitando de la intervenci\u00f3n de Rodrigo Rey para mantener la valla invicta. Tocalli movi\u00f3 el banco, haciendo ingresar a Alex Luna, Adri\u00e1n Sp\u00f6rle, Alexis Canelo y Gabriel Neves en lugar de Diego Tarzia, Lautaro Mill\u00e1n, Santiago L\u00f3pez y David Mart\u00ednez. A\u00fan as\u00ed, el Rojo no pudo volver a romper el cero, por lo que el \u00e1rbitro pit\u00f3 y se termin\u00f3 el encuentro en Florencio Varela.<\/p>\n<p>Independiente en el primer tiempo demostr\u00f3 tener una mejor idea de juego y una tenencia interesante de la pelota. Le falta mantener esa actitud, ya que en el segundo tiempo qued\u00f3 perdido. El pr\u00f3ximo encuentro es el \u00faltimo antes del parate por la Copa Am\u00e9rica y el \u00faltimp en el que estar\u00e1 Tocalli al mando del equipo. Ser\u00e1 ante Banfield el d\u00eda mi\u00e9rcoles 12 de junio en el Estadio Libertadores de Am\u00e9rica &#8211; Ricardo Enrique Bochini.<\/p>\n<p><iframe loading=\"lazy\" title=\"YouTube video player\" src=\"https:\/\/www.youtube.com\/embed\/DWxCDVFUqFc?si=iOb8OoDMdLQSFJnd\" width=\"560\" height=\"315\" frameborder=\"0\" allowfullscreen=\"allowfullscreen\"><\/iframe><\/p>\n","protected":false},"excerpt":{"rendered":"<div class=\"mh-excerpt\"><p>Independiente se enfrent\u00f3 ante Defensa y Justicia por la cuarta fecha de la Liga Profesional en el Estadio Norberto Tomaghello. Con un gol anulado por un offside milim\u00e9trico de Gabriel \u00c1valos, el encuentro termin\u00f3 en <a class=\"mh-excerpt-more\" href=\"https:\/\/www.masrojo.com.ar\/home\/2024\/06\/04\/empate-con-polemica-ante-defensa-y-justicia\/\" title=\"Empate con pol\u00e9mica ante Defensa y Justicia\">[&#8230;]<\/a><\/p>\n<\/div>","protected":false},"author":6,"featured_media":74035,"comment_status":"closed","ping_status":"closed","sticky":false,"template":"","format":"video","meta":{"_jetpack_memberships_contains_paid_content":false,"footnotes":"","jetpack_publicize_message":"","jetpack_publicize_feature_enabled":true,"jetpack_social_post_already_shared":true,"jetpack_social_options":{"image_generator_settings":{"template":"highway","enabled":false},"version":2}},"categories":[4],"tags":[396,1002,741,374],"class_list":{"0":"post-74034","1":"post","2":"type-post","3":"status-publish","4":"format-video","5":"has-post-thumbnail","7":"category-actualidad","8":"tag-defensa-y-justicia","9":"tag-liga-profesional","10":"tag-post-partido","11":"tag-resumen","12":"post_format-post-format-video"},"jetpack_publicize_connections":[],"jetpack_sharing_enabled":true,"jetpack_featured_media_url":"https:\/\/i0.wp.com\/www.masrojo.com.ar\/home\/wp-content\/uploads\/santi-lopezz.jpeg?fit=680%2C453&ssl=1","jetpack_shortlink":"https:\/\/wp.me\/p90W9F-jg6","_links":{"self":[{"href":"https:\/\/www.masrojo.com.ar\/home\/wp-json\/wp\/v2\/posts\/74034"}],"collection":[{"href":"https:\/\/www.masrojo.com.ar\/home\/wp-json\/wp\/v2\/posts"}],"about":[{"href":"https:\/\/www.masrojo.com.ar\/home\/wp-json\/wp\/v2\/types\/post"}],"author":[{"embeddable":true,"href":"https:\/\/www.masrojo.com.ar\/home\/wp-json\/wp\/v2\/users\/6"}],"replies":[{"embeddable":true,"href":"https:\/\/www.masrojo.com.ar\/home\/wp-json\/wp\/v2\/comments?post=74034"}],"version-history":[{"count":1,"href":"https:\/\/www.masrojo.com.ar\/home\/wp-json\/wp\/v2\/posts\/74034\/revisions"}],"predecessor-version":[{"id":74041,"href":"https:\/\/www.masrojo.com.ar\/home\/wp-json\/wp\/v2\/posts\/74034\/revisions\/74041"}],"wp:featuredmedia":[{"embeddable":true,"href":"https:\/\/www.masrojo.com.ar\/home\/wp-json\/wp\/v2\/media\/74035"}],"wp:attachment":[{"href":"https:\/\/www.masrojo.com.ar\/home\/wp-json\/wp\/v2\/media?parent=74034"}],"wp:term":[{"taxonomy":"category","embeddable":true,"href":"https:\/\/www.masrojo.com.ar\/home\/wp-json\/wp\/v2\/categories?post=74034"},{"taxonomy":"post_tag","embeddable":true,"href":"https:\/\/www.masrojo.com.ar\/home\/wp-json\/wp\/v2\/tags?post=74034"}],"curies":[{"name":"wp","href":"https:\/\/api.w.org\/{rel}","templated":true}]}}