{"id":74081,"date":"2024-06-07T19:09:01","date_gmt":"2024-06-07T22:09:01","guid":{"rendered":"https:\/\/www.masrojo.com.ar\/home\/?p=74081"},"modified":"2024-07-05T20:13:26","modified_gmt":"2024-07-05T23:13:26","slug":"se-confirmo-la-asamblea-de-socios","status":"publish","type":"post","link":"https:\/\/www.masrojo.com.ar\/home\/2024\/06\/07\/se-confirmo-la-asamblea-de-socios\/","title":{"rendered":"Se confirm\u00f3 la Asamblea de Socios"},"content":{"rendered":"<p>En el marco de una mejora institucional pero un mal presente futbol\u00edstico se viene la mitad del a\u00f1o, por lo que se desarrollar\u00e1 la Asamblea Especial en la primera semana de julio de este a\u00f1o.<\/p>\n<p>Esta consiste en la lectura y consideraci\u00f3n del c\u00e1lculo de recursos, presupuesto de gastos e inversiones, presupuesto econ\u00f3mico y presucpuesto financiero para el per\u00edodo entre el 1 de julio del a\u00f1o 2024 hasta el 30 de junio del a\u00f1o 2025.<\/p>\n<p><img loading=\"lazy\" decoding=\"async\" class=\"aligncenter\" src=\"https:\/\/pbs.twimg.com\/media\/GPgR_zBXEAAd4QP?format=jpg&amp;name=900x900\" alt=\"Imagen\" width=\"464\" height=\"580\" \/><\/p>\n","protected":false},"excerpt":{"rendered":"<div class=\"mh-excerpt\"><p>En el marco de una mejora institucional pero un mal presente futbol\u00edstico se viene la mitad del a\u00f1o, por lo que se desarrollar\u00e1 la Asamblea Especial en la primera semana de julio de este a\u00f1o. <a class=\"mh-excerpt-more\" href=\"https:\/\/www.masrojo.com.ar\/home\/2024\/06\/07\/se-confirmo-la-asamblea-de-socios\/\" title=\"Se confirm\u00f3 la Asamblea de Socios\">[&#8230;]<\/a><\/p>\n<\/div>","protected":false},"author":6,"featured_media":64943,"comment_status":"closed","ping_status":"closed","sticky":false,"template":"","format":"standard","meta":{"_jetpack_memberships_contains_paid_content":false,"footnotes":"","jetpack_publicize_message":"","jetpack_publicize_feature_enabled":true,"jetpack_social_post_already_shared":true,"jetpack_social_options":{"image_generator_settings":{"template":"highway","enabled":false},"version":2}},"categories":[4,8],"tags":[1285],"class_list":{"0":"post-74081","1":"post","2":"type-post","3":"status-publish","4":"format-standard","5":"has-post-thumbnail","7":"category-actualidad","8":"category-institucionales","9":"tag-asamblea-de-socios"},"jetpack_publicize_connections":[],"jetpack_sharing_enabled":true,"jetpack_featured_media_url":"https:\/\/i0.wp.com\/www.masrojo.com.ar\/home\/wp-content\/uploads\/comunicado-web.jpg?fit=1776%2C1184&ssl=1","jetpack_shortlink":"https:\/\/wp.me\/p90W9F-jgR","_links":{"self":[{"href":"https:\/\/www.masrojo.com.ar\/home\/wp-json\/wp\/v2\/posts\/74081"}],"collection":[{"href":"https:\/\/www.masrojo.com.ar\/home\/wp-json\/wp\/v2\/posts"}],"about":[{"href":"https:\/\/www.masrojo.com.ar\/home\/wp-json\/wp\/v2\/types\/post"}],"author":[{"embeddable":true,"href":"https:\/\/www.masrojo.com.ar\/home\/wp-json\/wp\/v2\/users\/6"}],"replies":[{"embeddable":true,"href":"https:\/\/www.masrojo.com.ar\/home\/wp-json\/wp\/v2\/comments?post=74081"}],"version-history":[{"count":1,"href":"https:\/\/www.masrojo.com.ar\/home\/wp-json\/wp\/v2\/posts\/74081\/revisions"}],"predecessor-version":[{"id":74087,"href":"https:\/\/www.masrojo.com.ar\/home\/wp-json\/wp\/v2\/posts\/74081\/revisions\/74087"}],"wp:featuredmedia":[{"embeddable":true,"href":"https:\/\/www.masrojo.com.ar\/home\/wp-json\/wp\/v2\/media\/64943"}],"wp:attachment":[{"href":"https:\/\/www.masrojo.com.ar\/home\/wp-json\/wp\/v2\/media?parent=74081"}],"wp:term":[{"taxonomy":"category","embeddable":true,"href":"https:\/\/www.masrojo.com.ar\/home\/wp-json\/wp\/v2\/categories?post=74081"},{"taxonomy":"post_tag","embeddable":true,"href":"https:\/\/www.masrojo.com.ar\/home\/wp-json\/wp\/v2\/tags?post=74081"}],"curies":[{"name":"wp","href":"https:\/\/api.w.org\/{rel}","templated":true}]}}