{"id":74088,"date":"2024-06-08T19:14:43","date_gmt":"2024-06-08T22:14:43","guid":{"rendered":"https:\/\/www.masrojo.com.ar\/home\/?p=74088"},"modified":"2024-07-05T20:13:26","modified_gmt":"2024-07-05T23:13:26","slug":"se-inauguro-la-sede-capital","status":"publish","type":"post","link":"https:\/\/www.masrojo.com.ar\/home\/2024\/06\/08\/se-inauguro-la-sede-capital\/","title":{"rendered":"Se inaugur\u00f3 la Sede Capital"},"content":{"rendered":"<p>En el mediod\u00eda del s\u00e1bado\u00a0 se realiz\u00f3 un gran evento con glorias del Club, directivos y much\u00edsimos socios y socias que forman parte de la comunidad de Boyac\u00e1 para presentar la puesta en valor del edificio.<\/p>\n<p>Con la participaci\u00f3n de Pep\u00e9 Santoro y el Chivo Pavoni, la sede ubicada en la calle Boyac\u00e1 al 470 en el barrio de la Paternal tuvo su reinauguraci\u00f3n en la cual se pudo poner a disposici\u00f3n de los usuarios la nueva entrada, el nuevo restor\u00e1n a cargo de La Caldera y el local de Merch oficial del club.<\/p>\n<blockquote class=\"twitter-tweet\" data-media-max-width=\"560\">\n<p dir=\"ltr\" lang=\"es\">\u00a1Acercate a disfrutar la Sede Capital!<\/p>\n<p>Hoy se realiz\u00f3 un gran evento con glorias del Club, directivos y much\u00edsimos socios y socias que forman parte de la comunidad de Boyac\u00e1 para presentar la puesta en valor del edificio.<a href=\"https:\/\/twitter.com\/hashtag\/TodoRojo?src=hash&amp;ref_src=twsrc%5Etfw\">#TodoRojo<\/a> &#x1f534; <a href=\"https:\/\/t.co\/7oDMEt5iTK\">pic.twitter.com\/7oDMEt5iTK<\/a><\/p>\n<p>\u2014 C. A. Independiente (@Independiente) <a href=\"https:\/\/twitter.com\/Independiente\/status\/1799625680889770282?ref_src=twsrc%5Etfw\">June 9, 2024<\/a><\/p><\/blockquote>\n<p><script async src=\"https:\/\/platform.twitter.com\/widgets.js\" charset=\"utf-8\"><\/script><\/p>\n","protected":false},"excerpt":{"rendered":"<div class=\"mh-excerpt\"><p>En el mediod\u00eda del s\u00e1bado\u00a0 se realiz\u00f3 un gran evento con glorias del Club, directivos y much\u00edsimos socios y socias que forman parte de la comunidad de Boyac\u00e1 para presentar la puesta en valor del <a class=\"mh-excerpt-more\" href=\"https:\/\/www.masrojo.com.ar\/home\/2024\/06\/08\/se-inauguro-la-sede-capital\/\" title=\"Se inaugur\u00f3 la Sede Capital\">[&#8230;]<\/a><\/p>\n<\/div>","protected":false},"author":6,"featured_media":74089,"comment_status":"closed","ping_status":"closed","sticky":false,"template":"","format":"standard","meta":{"_jetpack_memberships_contains_paid_content":false,"footnotes":"","jetpack_publicize_message":"","jetpack_publicize_feature_enabled":true,"jetpack_social_post_already_shared":true,"jetpack_social_options":{"image_generator_settings":{"template":"highway","enabled":false},"version":2}},"categories":[4,8],"tags":[1286],"class_list":{"0":"post-74088","1":"post","2":"type-post","3":"status-publish","4":"format-standard","5":"has-post-thumbnail","7":"category-actualidad","8":"category-institucionales","9":"tag-sede-capital"},"jetpack_publicize_connections":[],"jetpack_sharing_enabled":true,"jetpack_featured_media_url":"https:\/\/i0.wp.com\/www.masrojo.com.ar\/home\/wp-content\/uploads\/sede-boyaca.jpeg?fit=1920%2C1080&ssl=1","jetpack_shortlink":"https:\/\/wp.me\/p90W9F-jgY","_links":{"self":[{"href":"https:\/\/www.masrojo.com.ar\/home\/wp-json\/wp\/v2\/posts\/74088"}],"collection":[{"href":"https:\/\/www.masrojo.com.ar\/home\/wp-json\/wp\/v2\/posts"}],"about":[{"href":"https:\/\/www.masrojo.com.ar\/home\/wp-json\/wp\/v2\/types\/post"}],"author":[{"embeddable":true,"href":"https:\/\/www.masrojo.com.ar\/home\/wp-json\/wp\/v2\/users\/6"}],"replies":[{"embeddable":true,"href":"https:\/\/www.masrojo.com.ar\/home\/wp-json\/wp\/v2\/comments?post=74088"}],"version-history":[{"count":1,"href":"https:\/\/www.masrojo.com.ar\/home\/wp-json\/wp\/v2\/posts\/74088\/revisions"}],"predecessor-version":[{"id":74095,"href":"https:\/\/www.masrojo.com.ar\/home\/wp-json\/wp\/v2\/posts\/74088\/revisions\/74095"}],"wp:featuredmedia":[{"embeddable":true,"href":"https:\/\/www.masrojo.com.ar\/home\/wp-json\/wp\/v2\/media\/74089"}],"wp:attachment":[{"href":"https:\/\/www.masrojo.com.ar\/home\/wp-json\/wp\/v2\/media?parent=74088"}],"wp:term":[{"taxonomy":"category","embeddable":true,"href":"https:\/\/www.masrojo.com.ar\/home\/wp-json\/wp\/v2\/categories?post=74088"},{"taxonomy":"post_tag","embeddable":true,"href":"https:\/\/www.masrojo.com.ar\/home\/wp-json\/wp\/v2\/tags?post=74088"}],"curies":[{"name":"wp","href":"https:\/\/api.w.org\/{rel}","templated":true}]}}