{"id":74121,"date":"2024-06-11T11:46:28","date_gmt":"2024-06-11T14:46:28","guid":{"rendered":"https:\/\/www.masrojo.com.ar\/home\/?p=74121"},"modified":"2024-07-05T20:56:51","modified_gmt":"2024-07-05T23:56:51","slug":"masrojoradio-10-06-2024","status":"publish","type":"post","link":"https:\/\/www.masrojo.com.ar\/home\/2024\/06\/11\/masrojoradio-10-06-2024\/","title":{"rendered":"#MasRojoRadio &#8211; 10.06.2024"},"content":{"rendered":"<p>Pas\u00f3 otra emisi\u00f3n de MasRojoRadio con toda la informaci\u00f3n de Independiente, la llegada del nuevo t\u00e9cnico, la previa ante el partido contra Banfield y hablamos con Luciano Pagola sobre la reinauguraci\u00f3n de la Sede Capital. si te lo perdiste, pod\u00e9s escucharlo en nuestro canal de YouTube MASROJO TV.<\/p>\n<p>&nbsp;<\/p>\n<p><iframe loading=\"lazy\" title=\"YouTube video player\" src=\"https:\/\/www.youtube.com\/embed\/-pjPdZfm-oU?si=Kd20fUTzJAQhTGpO\" width=\"560\" height=\"315\" frameborder=\"0\" allowfullscreen=\"allowfullscreen\"><\/iframe><\/p>\n","protected":false},"excerpt":{"rendered":"<div class=\"mh-excerpt\"><p>Pas\u00f3 otra emisi\u00f3n de MasRojoRadio con toda la informaci\u00f3n de Independiente, la llegada del nuevo t\u00e9cnico, la previa ante el partido contra Banfield y hablamos con Luciano Pagola sobre la reinauguraci\u00f3n de la Sede Capital. <a class=\"mh-excerpt-more\" href=\"https:\/\/www.masrojo.com.ar\/home\/2024\/06\/11\/masrojoradio-10-06-2024\/\" title=\"#MasRojoRadio &#8211; 10.06.2024\">[&#8230;]<\/a><\/p>\n<\/div>","protected":false},"author":6,"featured_media":58722,"comment_status":"closed","ping_status":"closed","sticky":false,"template":"","format":"standard","meta":{"_jetpack_memberships_contains_paid_content":false,"footnotes":"","jetpack_publicize_message":"","jetpack_publicize_feature_enabled":true,"jetpack_social_post_already_shared":true,"jetpack_social_options":{"image_generator_settings":{"template":"highway","enabled":false},"version":2}},"categories":[4,9,361],"tags":[44],"class_list":{"0":"post-74121","1":"post","2":"type-post","3":"status-publish","4":"format-standard","5":"has-post-thumbnail","7":"category-actualidad","8":"category-masrojoradio","9":"category-redes-sociales","10":"tag-masrojoradio"},"jetpack_publicize_connections":[],"jetpack_sharing_enabled":true,"jetpack_featured_media_url":"https:\/\/i0.wp.com\/www.masrojo.com.ar\/home\/wp-content\/uploads\/Publicidad-MasRojo-Radio-2022.jpg?fit=2000%2C1200&ssl=1","jetpack_shortlink":"https:\/\/wp.me\/p90W9F-jhv","_links":{"self":[{"href":"https:\/\/www.masrojo.com.ar\/home\/wp-json\/wp\/v2\/posts\/74121"}],"collection":[{"href":"https:\/\/www.masrojo.com.ar\/home\/wp-json\/wp\/v2\/posts"}],"about":[{"href":"https:\/\/www.masrojo.com.ar\/home\/wp-json\/wp\/v2\/types\/post"}],"author":[{"embeddable":true,"href":"https:\/\/www.masrojo.com.ar\/home\/wp-json\/wp\/v2\/users\/6"}],"replies":[{"embeddable":true,"href":"https:\/\/www.masrojo.com.ar\/home\/wp-json\/wp\/v2\/comments?post=74121"}],"version-history":[{"count":1,"href":"https:\/\/www.masrojo.com.ar\/home\/wp-json\/wp\/v2\/posts\/74121\/revisions"}],"predecessor-version":[{"id":74127,"href":"https:\/\/www.masrojo.com.ar\/home\/wp-json\/wp\/v2\/posts\/74121\/revisions\/74127"}],"wp:featuredmedia":[{"embeddable":true,"href":"https:\/\/www.masrojo.com.ar\/home\/wp-json\/wp\/v2\/media\/58722"}],"wp:attachment":[{"href":"https:\/\/www.masrojo.com.ar\/home\/wp-json\/wp\/v2\/media?parent=74121"}],"wp:term":[{"taxonomy":"category","embeddable":true,"href":"https:\/\/www.masrojo.com.ar\/home\/wp-json\/wp\/v2\/categories?post=74121"},{"taxonomy":"post_tag","embeddable":true,"href":"https:\/\/www.masrojo.com.ar\/home\/wp-json\/wp\/v2\/tags?post=74121"}],"curies":[{"name":"wp","href":"https:\/\/api.w.org\/{rel}","templated":true}]}}