{"id":74128,"date":"2024-06-11T12:36:54","date_gmt":"2024-06-11T15:36:54","guid":{"rendered":"https:\/\/www.masrojo.com.ar\/home\/?p=74128"},"modified":"2024-07-05T20:13:25","modified_gmt":"2024-07-05T23:13:25","slug":"vuelve-marcone-a-la-titularidad","status":"publish","type":"post","link":"https:\/\/www.masrojo.com.ar\/home\/2024\/06\/11\/vuelve-marcone-a-la-titularidad\/","title":{"rendered":"\u00bfVuelve Marcone a la titularidad?"},"content":{"rendered":"<p>Independiente se enfrenta ante Banfield las 21.15 en el Libertadores de Am\u00e9rica no solo en el \u00faltimo partido antes del parate de la Copa Am\u00e9rica, sino tambi\u00e9n en el \u00faltimo juego del interinato de Hugo Tocalli, que volver\u00e1 a la coordinaci\u00f3n de inferiores cuando asuma Julio Vaccari, con quien el Rojo ya tiene todo arreglado.<\/p>\n<p>Pensando justamente en el juego ante el Taladro, Tocalli podr\u00eda sorprender con el ingreso de Iv\u00e1n Marcone en el once titular: tras la fractura del dedo gordo del pie derecho, el mediocampista ya estaba entren\u00e1ndose a la par del grupo y si bien se especulaba con que fuese al banco de suplentes para sumar algunos minutos en el complemento, lo cierto es que el DT interino lo considera para ser parte del equipo que arranque el partido.<\/p>\n<p>En caso de confirmar su presencia en el once inicial, Marcone ocupar\u00eda el lugar de Diego Tarzia, para compartir la mitad de la cancha con Federico Mancuello y David &#8216;Tata&#8217; Mart\u00ednez. El mediocampista no juega desde la primera fecha, en la derrota ante Talleres, donde se fractur\u00f3 durante el primer tiempo y sigui\u00f3 jugando tras haberse infiltrado en el entretiempo.<\/p>\n","protected":false},"excerpt":{"rendered":"<div class=\"mh-excerpt\"><p>Independiente se enfrenta ante Banfield las 21.15 en el Libertadores de Am\u00e9rica no solo en el \u00faltimo partido antes del parate de la Copa Am\u00e9rica, sino tambi\u00e9n en el \u00faltimo juego del interinato de Hugo <a class=\"mh-excerpt-more\" href=\"https:\/\/www.masrojo.com.ar\/home\/2024\/06\/11\/vuelve-marcone-a-la-titularidad\/\" title=\"\u00bfVuelve Marcone a la titularidad?\">[&#8230;]<\/a><\/p>\n<\/div>","protected":false},"author":6,"featured_media":65815,"comment_status":"closed","ping_status":"closed","sticky":false,"template":"","format":"standard","meta":{"_jetpack_memberships_contains_paid_content":false,"footnotes":"","jetpack_publicize_message":"","jetpack_publicize_feature_enabled":true,"jetpack_social_post_already_shared":true,"jetpack_social_options":{"image_generator_settings":{"template":"highway","enabled":false},"version":2}},"categories":[4],"tags":[1092,1002],"class_list":{"0":"post-74128","1":"post","2":"type-post","3":"status-publish","4":"format-standard","5":"has-post-thumbnail","7":"category-actualidad","8":"tag-ivan-marcone","9":"tag-liga-profesional"},"jetpack_publicize_connections":[],"jetpack_sharing_enabled":true,"jetpack_featured_media_url":"https:\/\/i0.wp.com\/www.masrojo.com.ar\/home\/wp-content\/uploads\/marconne.jpg?fit=1200%2C900&ssl=1","jetpack_shortlink":"https:\/\/wp.me\/p90W9F-jhC","_links":{"self":[{"href":"https:\/\/www.masrojo.com.ar\/home\/wp-json\/wp\/v2\/posts\/74128"}],"collection":[{"href":"https:\/\/www.masrojo.com.ar\/home\/wp-json\/wp\/v2\/posts"}],"about":[{"href":"https:\/\/www.masrojo.com.ar\/home\/wp-json\/wp\/v2\/types\/post"}],"author":[{"embeddable":true,"href":"https:\/\/www.masrojo.com.ar\/home\/wp-json\/wp\/v2\/users\/6"}],"replies":[{"embeddable":true,"href":"https:\/\/www.masrojo.com.ar\/home\/wp-json\/wp\/v2\/comments?post=74128"}],"version-history":[{"count":1,"href":"https:\/\/www.masrojo.com.ar\/home\/wp-json\/wp\/v2\/posts\/74128\/revisions"}],"predecessor-version":[{"id":74134,"href":"https:\/\/www.masrojo.com.ar\/home\/wp-json\/wp\/v2\/posts\/74128\/revisions\/74134"}],"wp:featuredmedia":[{"embeddable":true,"href":"https:\/\/www.masrojo.com.ar\/home\/wp-json\/wp\/v2\/media\/65815"}],"wp:attachment":[{"href":"https:\/\/www.masrojo.com.ar\/home\/wp-json\/wp\/v2\/media?parent=74128"}],"wp:term":[{"taxonomy":"category","embeddable":true,"href":"https:\/\/www.masrojo.com.ar\/home\/wp-json\/wp\/v2\/categories?post=74128"},{"taxonomy":"post_tag","embeddable":true,"href":"https:\/\/www.masrojo.com.ar\/home\/wp-json\/wp\/v2\/tags?post=74128"}],"curies":[{"name":"wp","href":"https:\/\/api.w.org\/{rel}","templated":true}]}}