{"id":74189,"date":"2024-06-13T11:01:21","date_gmt":"2024-06-13T14:01:21","guid":{"rendered":"https:\/\/www.masrojo.com.ar\/home\/?p=74189"},"modified":"2024-07-05T20:13:10","modified_gmt":"2024-07-05T23:13:10","slug":"sabia-que-tenia-que-darle-una-mano-a-independiente-la-sensacion-es-extraordinaria","status":"publish","type":"post","link":"https:\/\/www.masrojo.com.ar\/home\/2024\/06\/13\/sabia-que-tenia-que-darle-una-mano-a-independiente-la-sensacion-es-extraordinaria\/","title":{"rendered":"\u00abSab\u00eda que tenia que darle una mano a Independiente, la sensaci\u00f3n es extraordinaria\u00bb"},"content":{"rendered":"<p>Tras dos empates consecutivos desde que asumi\u00f3 un nuevo ciclo como interino en el banco de Independiente, finalmente lleg\u00f3 el primer triunfo para Hugo Tocalli en el banco del Rojo, y justo en su \u00faltimo partido al frente del equipo. Fue triunfo 2-1 ante Banfield en el Libertadores de Am\u00e9rica. Luego del encuentro, el pr\u00f3ximamente ex DT analiz\u00f3 el partido y cont\u00f3 con qu\u00e9 equipo se encontrar\u00e1 Julio Vaccari, quien desde este jueves ser\u00e1 su sucesor.<\/p>\n<p><em>\u00ab<strong>Sab\u00eda que tenia que darle una mano a Independiente, la sensaci\u00f3n es extraordinaria.<\/strong> Por este camino, si dios quiere, se va a sacar al club adelante<\/em>\u00ab, expres\u00f3 un conforme Tocalli, quien adem\u00e1s destac\u00f3 el apoyo de los hinchas a los \u00abpibes\u00bb del club: \u00abMe pone muy contento, en ellos veo un lindo futuro\u00bb.<\/p>\n<p>Con respecto al partido, Tocalli resalt\u00f3: <em>\u201cSab\u00edamos que nos iban a jugar pelotas largas a los dos delanteros y no lo pudimos contrarrestar. Por eso grit\u00e9 tanto durante el primer tiempo.<strong> Sin dudas que el penal que ataj\u00f3 Rey nos dio el aire que necesit\u00e1bamos. En el segundo tiempo tomamos la decisi\u00f3n de hacer l\u00ednea de cinco para poder contenerlos<\/strong><\/em>\u201d.<\/p>\n<p>Para cerrar, sobre el equipo que recibir\u00e1 Vaccari, Tocalli destac\u00f3: \u201c<em><strong>Julio se va a encontrar con un grupo de jugadores que quiere que Independiente salga, que se clasifique a las copas. Se va a encontrar con un grupo que quiere hacer bien las cosas, que tienen ganas de sacar esto adelante<\/strong>. Hay una entrega total y cuando la hay, muchas veces el trabajo se hace m\u00e1s f\u00e1ci<\/em>l\u201d.<\/p>\n<p>Despu\u00e9s de mucho buscarlo, Santi se sac\u00f3 la bronca contenida por no poder hacer su primer grito en Primera. Y de qu\u00e9 manera lo hizo. Porque agarr\u00f3 una pelota a los tres minutos del primer tiempo, amag\u00f3 dos veces y sac\u00f3 un derechazo b\u00e1rbaro para romper con el cero y abrir el marcador para el Rojo.<\/p>\n<p>\u201c<em><strong>Ojal\u00e1 todos los jugadores de Independiente tengan el sentido de pertenencia de Santi L\u00f3pez. Me parece que su momento es extraordinario<\/strong>. Hace mucho que lo vi en la Selecci\u00f3n y me di cuenta que era un jugador diferente. D\u00eda a d\u00eda crece y eso es muy lindo. Tener un delantero joven, potente y goleador me pone contento<\/em>\u201d, asegur\u00f3 su DT.<\/p>\n","protected":false},"excerpt":{"rendered":"<div class=\"mh-excerpt\"><p>Tras dos empates consecutivos desde que asumi\u00f3 un nuevo ciclo como interino en el banco de Independiente, finalmente lleg\u00f3 el primer triunfo para Hugo Tocalli en el banco del Rojo, y justo en su \u00faltimo <a class=\"mh-excerpt-more\" href=\"https:\/\/www.masrojo.com.ar\/home\/2024\/06\/13\/sabia-que-tenia-que-darle-una-mano-a-independiente-la-sensacion-es-extraordinaria\/\" title=\"\u00abSab\u00eda que tenia que darle una mano a Independiente, la sensaci\u00f3n es extraordinaria\u00bb\">[&#8230;]<\/a><\/p>\n<\/div>","protected":false},"author":6,"featured_media":74190,"comment_status":"closed","ping_status":"closed","sticky":false,"template":"","format":"standard","meta":{"_jetpack_memberships_contains_paid_content":false,"footnotes":"","jetpack_publicize_message":"","jetpack_publicize_feature_enabled":true,"jetpack_social_post_already_shared":true,"jetpack_social_options":{"image_generator_settings":{"template":"highway","enabled":false},"version":2}},"categories":[4],"tags":[282,81,1179,1002,741],"class_list":{"0":"post-74189","1":"post","2":"type-post","3":"status-publish","4":"format-standard","5":"has-post-thumbnail","7":"category-actualidad","8":"tag-banfield","9":"tag-conferencia-de-prensa","10":"tag-hugo-tocalli","11":"tag-liga-profesional","12":"tag-post-partido"},"jetpack_publicize_connections":[],"jetpack_sharing_enabled":true,"jetpack_featured_media_url":"https:\/\/i0.wp.com\/www.masrojo.com.ar\/home\/wp-content\/uploads\/TOCALLII.png?fit=867%2C629&ssl=1","jetpack_shortlink":"https:\/\/wp.me\/p90W9F-jiB","_links":{"self":[{"href":"https:\/\/www.masrojo.com.ar\/home\/wp-json\/wp\/v2\/posts\/74189"}],"collection":[{"href":"https:\/\/www.masrojo.com.ar\/home\/wp-json\/wp\/v2\/posts"}],"about":[{"href":"https:\/\/www.masrojo.com.ar\/home\/wp-json\/wp\/v2\/types\/post"}],"author":[{"embeddable":true,"href":"https:\/\/www.masrojo.com.ar\/home\/wp-json\/wp\/v2\/users\/6"}],"replies":[{"embeddable":true,"href":"https:\/\/www.masrojo.com.ar\/home\/wp-json\/wp\/v2\/comments?post=74189"}],"version-history":[{"count":1,"href":"https:\/\/www.masrojo.com.ar\/home\/wp-json\/wp\/v2\/posts\/74189\/revisions"}],"predecessor-version":[{"id":74196,"href":"https:\/\/www.masrojo.com.ar\/home\/wp-json\/wp\/v2\/posts\/74189\/revisions\/74196"}],"wp:featuredmedia":[{"embeddable":true,"href":"https:\/\/www.masrojo.com.ar\/home\/wp-json\/wp\/v2\/media\/74190"}],"wp:attachment":[{"href":"https:\/\/www.masrojo.com.ar\/home\/wp-json\/wp\/v2\/media?parent=74189"}],"wp:term":[{"taxonomy":"category","embeddable":true,"href":"https:\/\/www.masrojo.com.ar\/home\/wp-json\/wp\/v2\/categories?post=74189"},{"taxonomy":"post_tag","embeddable":true,"href":"https:\/\/www.masrojo.com.ar\/home\/wp-json\/wp\/v2\/tags?post=74189"}],"curies":[{"name":"wp","href":"https:\/\/api.w.org\/{rel}","templated":true}]}}