{"id":74698,"date":"2024-08-25T23:42:00","date_gmt":"2024-08-26T02:42:00","guid":{"rendered":"https:\/\/www.masrojo.com.ar\/home\/?p=74698"},"modified":"2024-10-14T12:13:05","modified_gmt":"2024-10-14T15:13:05","slug":"me-quedo-muy-contento-con-la-entrega-y-porque-nos-adaptamos","status":"publish","type":"post","link":"https:\/\/www.masrojo.com.ar\/home\/2024\/08\/25\/me-quedo-muy-contento-con-la-entrega-y-porque-nos-adaptamos\/","title":{"rendered":"\u00abMe quedo muy contento con la entrega y porque nos adaptamos\u00bb"},"content":{"rendered":"<p>Independiente y Racing se enfrentaron en el Cilindro de Avellaneda en un cl\u00e1sico colmado de pol\u00e9micas y sentimientos varios encontrados. Con un empate sin goles, Julio Vacari tuvo su primer partido ante Racing y en conferencia de prensa se demostr\u00f3 conforme con el rendimiento de su equipo.<\/p>\n<p>\u00ab<em>Fue un partido muy at\u00edpico y dif\u00edcil de analizar, con muchas situaciones que variaron el andar del juego y el planteo. Se modific\u00f3 todo.<strong> Me quedo muy contento con la entrega y porque nos adaptamos a los cambios de situaciones. Jugamos 70 minutos con uno menos y la \u00faltima parte con dos menos. Es muy valorable<\/strong><\/em>\u00ab, declar\u00f3 Vaccari, uno de los debutantes, en conferencia de prensa.<\/p>\n<p>Y agreg\u00f3: \u00ab<em>Me llena de orgullo que (Iv\u00e1n) Marcone y (Kevin) Lom\u00f3naco hayan jugado mareados y que el resto del equipo intent\u00f3 acompa\u00f1ar. (Alex) Luna, que no est\u00e1 acostumbrado, tuvo que marcar a un rival de buena talla y eso habla de madurez e inteligencia. Para m\u00ed es un paso adelante. <strong>Tendremos que corregir el tema de las tarjetas. Pero dentro de lo negativo, los chicos supieron resolverlo con mucho coraje y valent\u00eda<\/strong><\/em>\u00ab.<\/p>\n<p>\u00ab<em>Los futbolistas resolvieron situaciones complejas. En el entretiempo les dije que jueguen de manera inteligente, nada m\u00e1s.<strong> Es un punto, ni m\u00e1s ni menos que eso. A la larga en la tabla suma uno<\/strong>. Tambi\u00e9n nos llevamos otros que lamentablemente no nos van a contar<\/em>\u00ab, remarc\u00f3.<\/p>\n<p>Por su parte, Vaccari explic\u00f3 que Marcone y Lom\u00f3naco \u00abest\u00e1n mejor\u00bb pero que durante el entretiempo \u00abestaban realmente muy golpeados\u00bb, lo que motiv\u00f3 los repentinos ingresos de Juan Fedorco y Adri\u00e1n Sp\u00f6rle, quien arm\u00f3 una gran jugada individual que casi termina en el gol de Diego Tarzia.<\/p>\n<p>\u00ab<em>El equipo termin\u00f3 cansado, aunque lo vi bien dentro del campo. Imagino que ma\u00f1ana no podr\u00e1 moverse y que estar\u00e1 con mucha fatiga y cansancio. <strong>Con uno o dos jugadores menos, todos corr\u00edan, se esforzaban y llegaban. Desde lo f\u00edsico lo vi muy bien<\/strong><\/em>\u00ab, admiti\u00f3.<\/p>\n<p>Por \u00faltimo, consultado por el accionar de Rodrigo Rey bajo los tres palos, el entrenador prefiri\u00f3 quedarse con el rendimiento del grupo en s\u00ed. \u00ab<em>No s\u00e9 si fue figura, hoy tuvo algunas buenas atajadas. <strong>Me gusta destacar que el equipo haya neutralizado esas cosas buenas del rival. Tenerlo a Rodri nos da una tranquilidad muy grande por c\u00f3mo es y lo que representa<\/strong><\/em>\u00ab, se sincer\u00f3.<\/p>\n","protected":false},"excerpt":{"rendered":"<div class=\"mh-excerpt\"><p>Independiente y Racing se enfrentaron en el Cilindro de Avellaneda en un cl\u00e1sico colmado de pol\u00e9micas y sentimientos varios encontrados. Con un empate sin goles, Julio Vacari tuvo su primer partido ante Racing y en <a class=\"mh-excerpt-more\" href=\"https:\/\/www.masrojo.com.ar\/home\/2024\/08\/25\/me-quedo-muy-contento-con-la-entrega-y-porque-nos-adaptamos\/\" title=\"\u00abMe quedo muy contento con la entrega y porque nos adaptamos\u00bb\">[&#8230;]<\/a><\/p>\n<\/div>","protected":false},"author":6,"featured_media":74699,"comment_status":"closed","ping_status":"closed","sticky":false,"template":"","format":"standard","meta":{"_jetpack_memberships_contains_paid_content":false,"footnotes":"","jetpack_publicize_message":"","jetpack_publicize_feature_enabled":true,"jetpack_social_post_already_shared":true,"jetpack_social_options":{"image_generator_settings":{"template":"highway","enabled":false},"version":2}},"categories":[4],"tags":[81,1274,1002,930],"class_list":{"0":"post-74698","1":"post","2":"type-post","3":"status-publish","4":"format-standard","5":"has-post-thumbnail","7":"category-actualidad","8":"tag-conferencia-de-prensa","9":"tag-julio-vaccari","10":"tag-liga-profesional","11":"tag-racing-club"},"jetpack_publicize_connections":[],"jetpack_sharing_enabled":true,"jetpack_featured_media_url":"https:\/\/i0.wp.com\/www.masrojo.com.ar\/home\/wp-content\/uploads\/julio-vaccari-racing.jpeg?fit=794%2C529&ssl=1","jetpack_shortlink":"https:\/\/wp.me\/p90W9F-jqO","_links":{"self":[{"href":"https:\/\/www.masrojo.com.ar\/home\/wp-json\/wp\/v2\/posts\/74698"}],"collection":[{"href":"https:\/\/www.masrojo.com.ar\/home\/wp-json\/wp\/v2\/posts"}],"about":[{"href":"https:\/\/www.masrojo.com.ar\/home\/wp-json\/wp\/v2\/types\/post"}],"author":[{"embeddable":true,"href":"https:\/\/www.masrojo.com.ar\/home\/wp-json\/wp\/v2\/users\/6"}],"replies":[{"embeddable":true,"href":"https:\/\/www.masrojo.com.ar\/home\/wp-json\/wp\/v2\/comments?post=74698"}],"version-history":[{"count":1,"href":"https:\/\/www.masrojo.com.ar\/home\/wp-json\/wp\/v2\/posts\/74698\/revisions"}],"predecessor-version":[{"id":74700,"href":"https:\/\/www.masrojo.com.ar\/home\/wp-json\/wp\/v2\/posts\/74698\/revisions\/74700"}],"wp:featuredmedia":[{"embeddable":true,"href":"https:\/\/www.masrojo.com.ar\/home\/wp-json\/wp\/v2\/media\/74699"}],"wp:attachment":[{"href":"https:\/\/www.masrojo.com.ar\/home\/wp-json\/wp\/v2\/media?parent=74698"}],"wp:term":[{"taxonomy":"category","embeddable":true,"href":"https:\/\/www.masrojo.com.ar\/home\/wp-json\/wp\/v2\/categories?post=74698"},{"taxonomy":"post_tag","embeddable":true,"href":"https:\/\/www.masrojo.com.ar\/home\/wp-json\/wp\/v2\/tags?post=74698"}],"curies":[{"name":"wp","href":"https:\/\/api.w.org\/{rel}","templated":true}]}}