{"id":74701,"date":"2024-08-27T11:14:12","date_gmt":"2024-08-27T14:14:12","guid":{"rendered":"https:\/\/www.masrojo.com.ar\/home\/?p=74701"},"modified":"2024-10-14T12:13:41","modified_gmt":"2024-10-14T15:13:41","slug":"masrojoradio-26-08-2024","status":"publish","type":"post","link":"https:\/\/www.masrojo.com.ar\/home\/2024\/08\/27\/masrojoradio-26-08-2024\/","title":{"rendered":"MasRojoRadio &#8211; 26.08.2024"},"content":{"rendered":"<p>Pas\u00f3 otra edici\u00f3n de MasRojoRadio en la cual hablamos de lo que fue el Cl\u00e1sico de Avellaneda, la presentaci\u00f3n de Independiente, la previa del encuentro ante Godoy Cruz por Copa Argentina y toda la informaci\u00f3n de Independiente.<\/p>\n<p>Pod\u00e9s volver a escucharlo a trav\u00e9s de nuestro canal de YouTube MASROJO TV.<\/p>\n<p><iframe loading=\"lazy\" title=\"YouTube video player\" src=\"https:\/\/www.youtube.com\/embed\/8WM2sG8Cx1U?si=DKfYaRfLHtsSo2XG\" width=\"560\" height=\"315\" frameborder=\"0\" allowfullscreen=\"allowfullscreen\"><\/iframe><\/p>\n","protected":false},"excerpt":{"rendered":"<div class=\"mh-excerpt\"><p>Pas\u00f3 otra edici\u00f3n de MasRojoRadio en la cual hablamos de lo que fue el Cl\u00e1sico de Avellaneda, la presentaci\u00f3n de Independiente, la previa del encuentro ante Godoy Cruz por Copa Argentina y toda la informaci\u00f3n <a class=\"mh-excerpt-more\" href=\"https:\/\/www.masrojo.com.ar\/home\/2024\/08\/27\/masrojoradio-26-08-2024\/\" title=\"MasRojoRadio &#8211; 26.08.2024\">[&#8230;]<\/a><\/p>\n<\/div>","protected":false},"author":6,"featured_media":58722,"comment_status":"closed","ping_status":"closed","sticky":false,"template":"","format":"standard","meta":{"_jetpack_memberships_contains_paid_content":false,"footnotes":"","jetpack_publicize_message":"","jetpack_publicize_feature_enabled":true,"jetpack_social_post_already_shared":true,"jetpack_social_options":{"image_generator_settings":{"template":"highway","enabled":false},"version":2}},"categories":[4,9],"tags":[1251,44],"class_list":{"0":"post-74701","1":"post","2":"type-post","3":"status-publish","4":"format-standard","5":"has-post-thumbnail","7":"category-actualidad","8":"category-masrojoradio","9":"tag-masrojo-tv","10":"tag-masrojoradio"},"jetpack_publicize_connections":[],"jetpack_sharing_enabled":true,"jetpack_featured_media_url":"https:\/\/i0.wp.com\/www.masrojo.com.ar\/home\/wp-content\/uploads\/Publicidad-MasRojo-Radio-2022.jpg?fit=2000%2C1200&ssl=1","jetpack_shortlink":"https:\/\/wp.me\/p90W9F-jqR","_links":{"self":[{"href":"https:\/\/www.masrojo.com.ar\/home\/wp-json\/wp\/v2\/posts\/74701"}],"collection":[{"href":"https:\/\/www.masrojo.com.ar\/home\/wp-json\/wp\/v2\/posts"}],"about":[{"href":"https:\/\/www.masrojo.com.ar\/home\/wp-json\/wp\/v2\/types\/post"}],"author":[{"embeddable":true,"href":"https:\/\/www.masrojo.com.ar\/home\/wp-json\/wp\/v2\/users\/6"}],"replies":[{"embeddable":true,"href":"https:\/\/www.masrojo.com.ar\/home\/wp-json\/wp\/v2\/comments?post=74701"}],"version-history":[{"count":1,"href":"https:\/\/www.masrojo.com.ar\/home\/wp-json\/wp\/v2\/posts\/74701\/revisions"}],"predecessor-version":[{"id":74702,"href":"https:\/\/www.masrojo.com.ar\/home\/wp-json\/wp\/v2\/posts\/74701\/revisions\/74702"}],"wp:featuredmedia":[{"embeddable":true,"href":"https:\/\/www.masrojo.com.ar\/home\/wp-json\/wp\/v2\/media\/58722"}],"wp:attachment":[{"href":"https:\/\/www.masrojo.com.ar\/home\/wp-json\/wp\/v2\/media?parent=74701"}],"wp:term":[{"taxonomy":"category","embeddable":true,"href":"https:\/\/www.masrojo.com.ar\/home\/wp-json\/wp\/v2\/categories?post=74701"},{"taxonomy":"post_tag","embeddable":true,"href":"https:\/\/www.masrojo.com.ar\/home\/wp-json\/wp\/v2\/tags?post=74701"}],"curies":[{"name":"wp","href":"https:\/\/api.w.org\/{rel}","templated":true}]}}