{"id":74707,"date":"2024-08-28T11:53:54","date_gmt":"2024-08-28T14:53:54","guid":{"rendered":"https:\/\/www.masrojo.com.ar\/home\/?p=74707"},"modified":"2024-10-14T12:13:48","modified_gmt":"2024-10-14T15:13:48","slug":"gano-la-reserva-de-independiente","status":"publish","type":"post","link":"https:\/\/www.masrojo.com.ar\/home\/2024\/08\/28\/gano-la-reserva-de-independiente\/","title":{"rendered":"Gan\u00f3 la Reserva de Independiente"},"content":{"rendered":"<p>En la tarde no tan fr\u00eda del martes, la Reserva de Independiente se enfrent\u00f3 ante la Reserva de Platense por la sexta fecha de la Copa Proyecci\u00f3n en car\u00e1cter de visitante. El Rojo derrot\u00f3 al Calamar por 2 a 1 con goles de Tom\u00e1s Parmo y Javier Ruiz.<\/p>\n<p>Los 11 del Moncho Monz\u00f3n fueron: Tasso, Duarte, Scafati, B. Gonz\u00e1lez, Lara, J. Ru\u00edz, F. Cruz, Folini, Parmo, Bodnar y Laprida.<\/p>\n<p>La Reserva de Independiente no tuvo un buen arranque de partido ya que a los tempranos cinco minutos de la primera parte, Platense daba el rpimer golpe, marcando el primer tanto del encuentro y poni\u00e9ndose en ventaja. Pero a los 36&#8242;, media hora mas tarde, desde el punto penal Tom\u00e1s Parmo pone el 1 a 1, dejando en igualdad de condiciones a ambos equipos.<\/p>\n<p>Ya en la segunda parte, el Rojo se reincorpora en partido luego de que el Moncho mueva el banco y haga ingresar a Ben\u00edtez, alberca, L. Gonz\u00e1lez y Angellotti en lugar de Scafati, Laprida, Duarte y Folini. A los 29&#8242;, <span class=\"css-1jxf684 r-bcqeeo r-1ttztb7 r-qvutc0 r-poiln3\">Javier Ruiz agarr\u00f3 un rebote en la salida de Platense, amag\u00f3 ante los defensores del rival, y le coloc\u00f3 al primer palo para poner arriba a la Reserva de Independiente por 2 a 1.\u00a0<\/span><\/p>\n<p>Con este triunfo, el Rojo cuenta con 9 unidades, ubic\u00e1ndose en el sexto puesto del grupo y, por ahora, ingresando a la siguiente fase de la Copa Proyecci\u00f3n.<\/p>\n","protected":false},"excerpt":{"rendered":"<div class=\"mh-excerpt\"><p>En la tarde no tan fr\u00eda del martes, la Reserva de Independiente se enfrent\u00f3 ante la Reserva de Platense por la sexta fecha de la Copa Proyecci\u00f3n en car\u00e1cter de visitante. El Rojo derrot\u00f3 al <a class=\"mh-excerpt-more\" href=\"https:\/\/www.masrojo.com.ar\/home\/2024\/08\/28\/gano-la-reserva-de-independiente\/\" title=\"Gan\u00f3 la Reserva de Independiente\">[&#8230;]<\/a><\/p>\n<\/div>","protected":false},"author":6,"featured_media":74708,"comment_status":"closed","ping_status":"closed","sticky":false,"template":"","format":"standard","meta":{"_jetpack_memberships_contains_paid_content":false,"footnotes":"","jetpack_publicize_message":"","jetpack_publicize_feature_enabled":true,"jetpack_social_post_already_shared":true,"jetpack_social_options":{"image_generator_settings":{"template":"highway","enabled":false},"version":2}},"categories":[4,6],"tags":[1254,61],"class_list":{"0":"post-74707","1":"post","2":"type-post","3":"status-publish","4":"format-standard","5":"has-post-thumbnail","7":"category-actualidad","8":"category-reserva","9":"tag-platense","10":"tag-reserva"},"jetpack_publicize_connections":[],"jetpack_sharing_enabled":true,"jetpack_featured_media_url":"https:\/\/i0.wp.com\/www.masrojo.com.ar\/home\/wp-content\/uploads\/reserva-platennse.png?fit=900%2C596&ssl=1","jetpack_shortlink":"https:\/\/wp.me\/p90W9F-jqX","_links":{"self":[{"href":"https:\/\/www.masrojo.com.ar\/home\/wp-json\/wp\/v2\/posts\/74707"}],"collection":[{"href":"https:\/\/www.masrojo.com.ar\/home\/wp-json\/wp\/v2\/posts"}],"about":[{"href":"https:\/\/www.masrojo.com.ar\/home\/wp-json\/wp\/v2\/types\/post"}],"author":[{"embeddable":true,"href":"https:\/\/www.masrojo.com.ar\/home\/wp-json\/wp\/v2\/users\/6"}],"replies":[{"embeddable":true,"href":"https:\/\/www.masrojo.com.ar\/home\/wp-json\/wp\/v2\/comments?post=74707"}],"version-history":[{"count":1,"href":"https:\/\/www.masrojo.com.ar\/home\/wp-json\/wp\/v2\/posts\/74707\/revisions"}],"predecessor-version":[{"id":74709,"href":"https:\/\/www.masrojo.com.ar\/home\/wp-json\/wp\/v2\/posts\/74707\/revisions\/74709"}],"wp:featuredmedia":[{"embeddable":true,"href":"https:\/\/www.masrojo.com.ar\/home\/wp-json\/wp\/v2\/media\/74708"}],"wp:attachment":[{"href":"https:\/\/www.masrojo.com.ar\/home\/wp-json\/wp\/v2\/media?parent=74707"}],"wp:term":[{"taxonomy":"category","embeddable":true,"href":"https:\/\/www.masrojo.com.ar\/home\/wp-json\/wp\/v2\/categories?post=74707"},{"taxonomy":"post_tag","embeddable":true,"href":"https:\/\/www.masrojo.com.ar\/home\/wp-json\/wp\/v2\/tags?post=74707"}],"curies":[{"name":"wp","href":"https:\/\/api.w.org\/{rel}","templated":true}]}}