{"id":74728,"date":"2024-09-02T10:08:57","date_gmt":"2024-09-02T13:08:57","guid":{"rendered":"https:\/\/www.masrojo.com.ar\/home\/?p=74728"},"modified":"2024-10-14T12:11:42","modified_gmt":"2024-10-14T15:11:42","slug":"soy-responsable-de-las-expulsiones","status":"publish","type":"post","link":"https:\/\/www.masrojo.com.ar\/home\/2024\/09\/02\/soy-responsable-de-las-expulsiones\/","title":{"rendered":"\u00abSoy responsable de las expulsiones\u00bb"},"content":{"rendered":"<p>Julio Vaccari se fue del Libertadores de Am\u00e9rica con sensaciones positivas, despu\u00e9s del empate de\u00a0<b>Independiente\u00a0<\/b>ante River, donde el Rojo jug\u00f3 casi todo el partido con uno menos por la temprana expulsi\u00f3n del juvenil Santi L\u00f3pez.\u00a0<i><b>\u00abM\u00e1s que un an\u00e1lisis, siento orgullo de los futbolistas y lo que est\u00e1n haciendo\u00bb<\/b><\/i>, afirm\u00f3 el DT en conferencia de prensa.<\/p>\n<div id=\"ad-slot-inline1\" class=\"ad-slot-inline1 ad-slot\" data-adtype=\"inline1\" data-google-query-id=\"CJP4tYTZpYgDFddKuAQdNF8fBQ\">\n<p>M\u00e1s all\u00e1 de esa primera expresi\u00f3n, Vaccari se refiri\u00f3 al tr\u00e1mite del partido y coment\u00f3:\u00a0<i>\u00abEl an\u00e1lisis es que los chicos, con uno menos, intentaron de alguna manera ir en busca de&#8230;\u00a0<b>Sin ser necios ni boludos, porque esto es f\u00fatbol y es para vivos.\u00a0<\/b>Cuando tenes uno menos y enfrente tenes a uno de los equipos con mayor jerarqu\u00eda de pa\u00eds, no podes descuidar algunas cosas, pero realmente\u00a0<b>intentaron ir para adelante en la medida que pudieron\u00a0<\/b>y con las armas que nos quedaban\u00bb.<\/i><\/p>\n<div id=\"video-genoa-761413\" class=\"videoPlayer genoa-async\" data-contentid=\"1670832\" data-share=\"https:\/\/www.tycsports.com\/independiente\/vaccari-conferencia-analisis-independiente-river-id605646.html\">\n<p>Por otro lado, el entrenador se hizo\u00a0<i><b>\u00ab100% responsable\u00bb<\/b><\/i>\u00a0de las reiteradas expulsiones que viene sufriendo el Rojo en los \u00faltimos partidos de la Liga Profesional:<i>\u00a0\u00abCuando hay una conducta que se repite en un equipo, el responsable es el entrenador.\u00a0<b>Yo soy el responsable de las conductas de mi equipo<\/b>\u00ab,\u00a0<\/i>afirm\u00f3. Y sobre Santi L\u00f3pez, que vio la roja hoy a los 11 minutos de juego, coment\u00f3:\u00a0<i>\u00ab<b>Estaba muy triste en el vestuario<\/b>\u00a0y le dije que estuviera tranquilo. Probablemente hablaremos despu\u00e9s, no era momento de hablar\u00bb<\/i>.<\/p>\n<div id=\"ad-slot-inline2\" class=\"ad-slot-inline_grande ad-slot\" data-adtype=\"inline_grande\" data-google-query-id=\"CJT4tYTZpYgDFddKuAQdNF8fBQ\">\n<div id=\"google_ads_iframe_\/125006397\/tyc\/nota\/inline2_0__container__\">\n<p>En el final, Vaccari explic\u00f3 que la temprana expulsi\u00f3n cambi\u00f3 todo el plan de partido:\u00a0<i>\u00abCuando planificas un partido, lo planificas 11 contra 11.\u00a0<b>Somos un equipo que la b\u00fasqueda es el hombre libre, y (con la roja) ya no tenes m\u00e1s uno libre, tenes uno menos.\u00a0<\/b>Te cambia much\u00edsimo: hay que jugar m\u00e1s directo, intentar que nuestro 9 pueda pelearse con los centrales y aparezcan los wines, pero claramente cambia todo\u00bb<\/i>, cerr\u00f3.<\/p>\n<\/div>\n<\/div>\n<\/div>\n<\/div>\n","protected":false},"excerpt":{"rendered":"<div class=\"mh-excerpt\"><p>Julio Vaccari se fue del Libertadores de Am\u00e9rica con sensaciones positivas, despu\u00e9s del empate de\u00a0Independiente\u00a0ante River, donde el Rojo jug\u00f3 casi todo el partido con uno menos por la temprana expulsi\u00f3n del juvenil Santi L\u00f3pez.\u00a0\u00abM\u00e1s <a class=\"mh-excerpt-more\" href=\"https:\/\/www.masrojo.com.ar\/home\/2024\/09\/02\/soy-responsable-de-las-expulsiones\/\" title=\"\u00abSoy responsable de las expulsiones\u00bb\">[&#8230;]<\/a><\/p>\n<\/div>","protected":false},"author":6,"featured_media":74660,"comment_status":"closed","ping_status":"closed","sticky":false,"template":"","format":"standard","meta":{"_jetpack_memberships_contains_paid_content":false,"footnotes":"","jetpack_publicize_message":"","jetpack_publicize_feature_enabled":true,"jetpack_social_post_already_shared":true,"jetpack_social_options":{"image_generator_settings":{"template":"highway","enabled":false},"version":2}},"categories":[4],"tags":[81,1274,1002,880],"class_list":{"0":"post-74728","1":"post","2":"type-post","3":"status-publish","4":"format-standard","5":"has-post-thumbnail","7":"category-actualidad","8":"tag-conferencia-de-prensa","9":"tag-julio-vaccari","10":"tag-liga-profesional","11":"tag-river-plate"},"jetpack_publicize_connections":[],"jetpack_sharing_enabled":true,"jetpack_featured_media_url":"https:\/\/i0.wp.com\/www.masrojo.com.ar\/home\/wp-content\/uploads\/vacccccari.jpeg?fit=2048%2C1367&ssl=1","jetpack_shortlink":"https:\/\/wp.me\/p90W9F-jri","_links":{"self":[{"href":"https:\/\/www.masrojo.com.ar\/home\/wp-json\/wp\/v2\/posts\/74728"}],"collection":[{"href":"https:\/\/www.masrojo.com.ar\/home\/wp-json\/wp\/v2\/posts"}],"about":[{"href":"https:\/\/www.masrojo.com.ar\/home\/wp-json\/wp\/v2\/types\/post"}],"author":[{"embeddable":true,"href":"https:\/\/www.masrojo.com.ar\/home\/wp-json\/wp\/v2\/users\/6"}],"replies":[{"embeddable":true,"href":"https:\/\/www.masrojo.com.ar\/home\/wp-json\/wp\/v2\/comments?post=74728"}],"version-history":[{"count":1,"href":"https:\/\/www.masrojo.com.ar\/home\/wp-json\/wp\/v2\/posts\/74728\/revisions"}],"predecessor-version":[{"id":74729,"href":"https:\/\/www.masrojo.com.ar\/home\/wp-json\/wp\/v2\/posts\/74728\/revisions\/74729"}],"wp:featuredmedia":[{"embeddable":true,"href":"https:\/\/www.masrojo.com.ar\/home\/wp-json\/wp\/v2\/media\/74660"}],"wp:attachment":[{"href":"https:\/\/www.masrojo.com.ar\/home\/wp-json\/wp\/v2\/media?parent=74728"}],"wp:term":[{"taxonomy":"category","embeddable":true,"href":"https:\/\/www.masrojo.com.ar\/home\/wp-json\/wp\/v2\/categories?post=74728"},{"taxonomy":"post_tag","embeddable":true,"href":"https:\/\/www.masrojo.com.ar\/home\/wp-json\/wp\/v2\/tags?post=74728"}],"curies":[{"name":"wp","href":"https:\/\/api.w.org\/{rel}","templated":true}]}}