{"id":75045,"date":"2024-12-05T07:39:20","date_gmt":"2024-12-05T10:39:20","guid":{"rendered":"https:\/\/www.masrojo.com.ar\/home\/?p=75045"},"modified":"2024-12-05T07:39:20","modified_gmt":"2024-12-05T10:39:20","slug":"arbitro-confirmado-para-recibir-al-decano","status":"publish","type":"post","link":"https:\/\/www.masrojo.com.ar\/home\/2024\/12\/05\/arbitro-confirmado-para-recibir-al-decano\/","title":{"rendered":"\u00c1rbitro confirmado para recibir al Decano"},"content":{"rendered":"<p>Independiente recibir\u00e1 a Atl\u00e9tico Tucum\u00e1n el lunes 9 de diciembre a las 21.30 en el Libertadores de Am\u00e9rica \u2013 Ricardo Enrique Bochini, por la ante\u00faltima fecha de la Liga Profesional. Desde la Liga Profesional oficializaron la terna arbitral que estar\u00e1 a cargo de lo que ser\u00e1 el \u00faltimo partido de local para el Rojo en lo que va del a\u00f1o.<\/p>\n<p>La autoridad designada para impartir justicia es <strong>Fernando Espinoza<\/strong>, quien estar\u00e1 acompa\u00f1ado por los asistentes <strong>Cristian Navarro y Marcelo Bistocco<\/strong>, sumado a la labor de <strong>C\u00e9sar Ceballo<\/strong> como cuarto refer\u00ed. En lo que corresponde el VAR, <strong>Nicol\u00e1s Lamolina<\/strong> estar\u00e1 a cargo del VAR, mientras que en el AVAR estar\u00e1 acompa\u00f1\u00e1ndolo <strong>Gisella Trucco<\/strong>.<\/p>\n<p>Ser\u00e1 la primera vez en el a\u00f1o en la que Espinoza dirija conta Independiente. Para recordar el \u00faltimo antecedente hay que remontarse a la jornada 17 de la Liga Profesional 2023, cuando el Rojo cay\u00f3 2-1 frente a Arsenal, en Sarand\u00ed. En total, el juez de 41 a\u00f1os imparti\u00f3 justicia en 13 ocasiones contra el Rey de Copas, con un saldo un tanto negativo: tres victorias, un empate y siete derrotas.<\/p>\n","protected":false},"excerpt":{"rendered":"<div class=\"mh-excerpt\"><p>Independiente recibir\u00e1 a Atl\u00e9tico Tucum\u00e1n el lunes 9 de diciembre a las 21.30 en el Libertadores de Am\u00e9rica \u2013 Ricardo Enrique Bochini, por la ante\u00faltima fecha de la Liga Profesional. Desde la Liga Profesional oficializaron <a class=\"mh-excerpt-more\" href=\"https:\/\/www.masrojo.com.ar\/home\/2024\/12\/05\/arbitro-confirmado-para-recibir-al-decano\/\" title=\"\u00c1rbitro confirmado para recibir al Decano\">[&#8230;]<\/a><\/p>\n<\/div>","protected":false},"author":6,"featured_media":75046,"comment_status":"closed","ping_status":"closed","sticky":false,"template":"","format":"standard","meta":{"_jetpack_memberships_contains_paid_content":false,"footnotes":"","jetpack_publicize_message":"","jetpack_publicize_feature_enabled":true,"jetpack_social_post_already_shared":true,"jetpack_social_options":{"image_generator_settings":{"template":"highway","enabled":false},"version":2}},"categories":[4],"tags":[31,64,1135,1002],"class_list":{"0":"post-75045","1":"post","2":"type-post","3":"status-publish","4":"format-standard","5":"has-post-thumbnail","7":"category-actualidad","8":"tag-arbitro","9":"tag-atletico-tucuman","10":"tag-fernando-espinoza","11":"tag-liga-profesional"},"jetpack_publicize_connections":[],"jetpack_sharing_enabled":true,"jetpack_featured_media_url":"https:\/\/i0.wp.com\/www.masrojo.com.ar\/home\/wp-content\/uploads\/espinoza.jpg?fit=783%2C509&ssl=1","jetpack_shortlink":"https:\/\/wp.me\/p90W9F-jwp","_links":{"self":[{"href":"https:\/\/www.masrojo.com.ar\/home\/wp-json\/wp\/v2\/posts\/75045"}],"collection":[{"href":"https:\/\/www.masrojo.com.ar\/home\/wp-json\/wp\/v2\/posts"}],"about":[{"href":"https:\/\/www.masrojo.com.ar\/home\/wp-json\/wp\/v2\/types\/post"}],"author":[{"embeddable":true,"href":"https:\/\/www.masrojo.com.ar\/home\/wp-json\/wp\/v2\/users\/6"}],"replies":[{"embeddable":true,"href":"https:\/\/www.masrojo.com.ar\/home\/wp-json\/wp\/v2\/comments?post=75045"}],"version-history":[{"count":1,"href":"https:\/\/www.masrojo.com.ar\/home\/wp-json\/wp\/v2\/posts\/75045\/revisions"}],"predecessor-version":[{"id":75047,"href":"https:\/\/www.masrojo.com.ar\/home\/wp-json\/wp\/v2\/posts\/75045\/revisions\/75047"}],"wp:featuredmedia":[{"embeddable":true,"href":"https:\/\/www.masrojo.com.ar\/home\/wp-json\/wp\/v2\/media\/75046"}],"wp:attachment":[{"href":"https:\/\/www.masrojo.com.ar\/home\/wp-json\/wp\/v2\/media?parent=75045"}],"wp:term":[{"taxonomy":"category","embeddable":true,"href":"https:\/\/www.masrojo.com.ar\/home\/wp-json\/wp\/v2\/categories?post=75045"},{"taxonomy":"post_tag","embeddable":true,"href":"https:\/\/www.masrojo.com.ar\/home\/wp-json\/wp\/v2\/tags?post=75045"}],"curies":[{"name":"wp","href":"https:\/\/api.w.org\/{rel}","templated":true}]}}