{"id":75068,"date":"2024-12-10T17:58:29","date_gmt":"2024-12-10T20:58:29","guid":{"rendered":"https:\/\/www.masrojo.com.ar\/home\/?p=75068"},"modified":"2024-12-10T17:58:29","modified_gmt":"2024-12-10T20:58:29","slug":"este-grupo-se-ha-logrado-sobreponer-a-muchas-situaciones-adversas","status":"publish","type":"post","link":"https:\/\/www.masrojo.com.ar\/home\/2024\/12\/10\/este-grupo-se-ha-logrado-sobreponer-a-muchas-situaciones-adversas\/","title":{"rendered":"\u00abEste grupo se ha logrado sobreponer a muchas situaciones adversas\u00bb"},"content":{"rendered":"<p>Independiente se enfrent\u00f3 ante el Decano por la ante\u00faltima fecha de la Liga profesional y la \u00faltima en el Estadio Libertadores de Am\u00e9rica \u2013 Ricardo Enrique Bochini. El Rojo super\u00f3 a la visita por 2 a 1 y se asegur\u00f3 un ligar en la Copa Sudamericana el a\u00f1o que viene.<\/p>\n<p>\u00ab<em>Quiero felicitar a estos chicos por el logro el d\u00eda de hoy, por haber alcanzado una meta que la instituci\u00f3n anhelaba mucho. Este grupo se ha logrado sobreponer a muchas situaciones adversas. Hay chicos que han sufrido mucho en este tiempo; uno los ha visto luchar por con mucha vehemencia a\u00fan en el sufrimiento. Ellos se lo merec\u00edan<\/em>\u00ab, expres\u00f3 el DT.<\/p>\n<p>A falta de un partido para el final, Vaccari realiz\u00f3 un peque\u00f1o balance y se mostr\u00f3 orgulloso de la tarea realizada: \u00ab<em>Este es un trabajo de mucha gente. Es una de las cosas que nos propusimos, crecer como equipo, ser cada d\u00eda m\u00e1s s\u00f3lidos y m\u00e1s serios, plantarnos en cualquier cancha. Dentro de ese camino encontramos un mont\u00f3n de simbronazos que muchas veces hacen caer a los equipos, pero estos chicos mantuvieron el rumbo<\/em>\u00ab.<\/p>\n<p>Y agreg\u00f3: \u00ab<em>Estoy contento por la instituci\u00f3n y por el grupo. Esta instituci\u00f3n es grande y merece estar en este lugar, pero hay que hacer muchas cosas para que est\u00e9 siempre en este lugar porque no solo basta con la historia. Independiente es el tercer grande, m\u00e1s cerca del primero y del segundo que del cuarto<\/em>\u00ab.<\/p>\n<p>Luego se refiri\u00f3 al encuentro del pr\u00f3ximo s\u00e1bado ante Boca, que se disputar\u00e1 desde las 19.15 en La Bombonera. Las chances son escasas, ya que necesitan una combinaci\u00f3n de resultados espec\u00edfica, pero el entrenador no pierde la esperanza: \u00ab<em>El partido con Boca es especial. Es una final y la tenemos que afrontar de la misma manera que en las finales anteriores. Tenemos que ir a la cancha de Boca a buscar el resultado y este equipo lo va a a hacer<\/em>\u00ab.<\/p>\n<p>\u00ab<em>La pr\u00f3xima instancia a la que apuntamos no depende de nosotros. Vamos a luchar por lo m\u00e1ximo a lo que podamos aspirar. Estamos convencidos como grupo de que vamos a ir a buscar el objetivo que se nos permita en el pr\u00f3ximo partido, y si no se nos permite, intentar dejar a Independiente en lo m\u00e1s alto del torneo<\/em>\u00ab, sentenci\u00f3.<\/p>\n<p>Por \u00faltimo, explic\u00f3 c\u00f3mo se confeccionar\u00e1 el plantel en base a la competici\u00f3n que disputar\u00e1n el pr\u00f3ximo a\u00f1o y el rol que tendr\u00e1n los juveniles en el equipo. \u00ab<em>Independiente tiene futbolistas destacados en edades muy j\u00f3venes que no participar\u00edan en el pr\u00f3ximo proceso porque necesitan mucho m\u00e1s tiempo de trabajo. Habr\u00e1 que hacer un an\u00e1lisis grande despu\u00e9s del partido con Boca sobre los futbolistas que siguen, los que no y quienes hay que traer. A veces no depende del entrenador sino de la situaci\u00f3n econ\u00f3mica de la instituci\u00f3n. Hay que ser conscientes de la realidad institucional para ver hacia donde apuntamos<\/em>\u00ab.<\/p>\n","protected":false},"excerpt":{"rendered":"<div class=\"mh-excerpt\"><p>Independiente se enfrent\u00f3 ante el Decano por la ante\u00faltima fecha de la Liga profesional y la \u00faltima en el Estadio Libertadores de Am\u00e9rica \u2013 Ricardo Enrique Bochini. El Rojo super\u00f3 a la visita por 2 <a class=\"mh-excerpt-more\" href=\"https:\/\/www.masrojo.com.ar\/home\/2024\/12\/10\/este-grupo-se-ha-logrado-sobreponer-a-muchas-situaciones-adversas\/\" title=\"\u00abEste grupo se ha logrado sobreponer a muchas situaciones adversas\u00bb\">[&#8230;]<\/a><\/p>\n<\/div>","protected":false},"author":6,"featured_media":75069,"comment_status":"closed","ping_status":"closed","sticky":false,"template":"","format":"standard","meta":{"_jetpack_memberships_contains_paid_content":false,"footnotes":"","jetpack_publicize_message":"","jetpack_publicize_feature_enabled":true,"jetpack_social_post_already_shared":true,"jetpack_social_options":{"image_generator_settings":{"template":"highway","enabled":false},"version":2}},"categories":[4],"tags":[],"class_list":{"0":"post-75068","1":"post","2":"type-post","3":"status-publish","4":"format-standard","5":"has-post-thumbnail","7":"category-actualidad"},"jetpack_publicize_connections":[],"jetpack_sharing_enabled":true,"jetpack_featured_media_url":"https:\/\/i0.wp.com\/www.masrojo.com.ar\/home\/wp-content\/uploads\/VACCARI.jpg?fit=680%2C453&ssl=1","jetpack_shortlink":"https:\/\/wp.me\/p90W9F-jwM","_links":{"self":[{"href":"https:\/\/www.masrojo.com.ar\/home\/wp-json\/wp\/v2\/posts\/75068"}],"collection":[{"href":"https:\/\/www.masrojo.com.ar\/home\/wp-json\/wp\/v2\/posts"}],"about":[{"href":"https:\/\/www.masrojo.com.ar\/home\/wp-json\/wp\/v2\/types\/post"}],"author":[{"embeddable":true,"href":"https:\/\/www.masrojo.com.ar\/home\/wp-json\/wp\/v2\/users\/6"}],"replies":[{"embeddable":true,"href":"https:\/\/www.masrojo.com.ar\/home\/wp-json\/wp\/v2\/comments?post=75068"}],"version-history":[{"count":1,"href":"https:\/\/www.masrojo.com.ar\/home\/wp-json\/wp\/v2\/posts\/75068\/revisions"}],"predecessor-version":[{"id":75070,"href":"https:\/\/www.masrojo.com.ar\/home\/wp-json\/wp\/v2\/posts\/75068\/revisions\/75070"}],"wp:featuredmedia":[{"embeddable":true,"href":"https:\/\/www.masrojo.com.ar\/home\/wp-json\/wp\/v2\/media\/75069"}],"wp:attachment":[{"href":"https:\/\/www.masrojo.com.ar\/home\/wp-json\/wp\/v2\/media?parent=75068"}],"wp:term":[{"taxonomy":"category","embeddable":true,"href":"https:\/\/www.masrojo.com.ar\/home\/wp-json\/wp\/v2\/categories?post=75068"},{"taxonomy":"post_tag","embeddable":true,"href":"https:\/\/www.masrojo.com.ar\/home\/wp-json\/wp\/v2\/tags?post=75068"}],"curies":[{"name":"wp","href":"https:\/\/api.w.org\/{rel}","templated":true}]}}