{"id":75100,"date":"2024-12-17T08:38:56","date_gmt":"2024-12-17T11:38:56","guid":{"rendered":"https:\/\/www.masrojo.com.ar\/home\/?p=75100"},"modified":"2024-12-17T08:38:56","modified_gmt":"2024-12-17T11:38:56","slug":"atencio-es-un-sueno-para-mi-vestir-la-camiseta-de-independiente","status":"publish","type":"post","link":"https:\/\/www.masrojo.com.ar\/home\/2024\/12\/17\/atencio-es-un-sueno-para-mi-vestir-la-camiseta-de-independiente\/","title":{"rendered":"Atencio: \u00abEs un sue\u00f1o para mi vestir la camiseta de Independiente\u00bb"},"content":{"rendered":"<p>El volante, que represent\u00f3 a Central C\u00f3rdoba pero es jugador del Rojo, se refiri\u00f3 a la posible vuelta al club de Avellaneda.<\/p>\n<p>\u00abTodav\u00eda no s\u00e9 nada de mi futuro, el 3 de enero me tengo que presentar en Independiente\u00bb<\/p>\n<p><iframe loading=\"lazy\" width=\"640\" height=\"360\" src=\"https:\/\/www.espn.com.ar\/core\/video\/iframe\/_\/id\/14575501\/endcard\/false\" allowfullscreen frameborder=\"0\"><\/iframe><\/p>\n","protected":false},"excerpt":{"rendered":"<div class=\"mh-excerpt\"><p>El volante, que represent\u00f3 a Central C\u00f3rdoba pero es jugador del Rojo, se refiri\u00f3 a la posible vuelta al club de Avellaneda. \u00abTodav\u00eda no s\u00e9 nada de mi futuro, el 3 de enero me tengo <a class=\"mh-excerpt-more\" href=\"https:\/\/www.masrojo.com.ar\/home\/2024\/12\/17\/atencio-es-un-sueno-para-mi-vestir-la-camiseta-de-independiente\/\" title=\"Atencio: \u00abEs un sue\u00f1o para mi vestir la camiseta de Independiente\u00bb\">[&#8230;]<\/a><\/p>\n<\/div>","protected":false},"author":6,"featured_media":75101,"comment_status":"closed","ping_status":"closed","sticky":false,"template":"","format":"video","meta":{"_jetpack_memberships_contains_paid_content":false,"footnotes":"","jetpack_publicize_message":"","jetpack_publicize_feature_enabled":true,"jetpack_social_post_already_shared":true,"jetpack_social_options":{"image_generator_settings":{"template":"highway","enabled":false},"version":2}},"categories":[4],"tags":[],"class_list":{"0":"post-75100","1":"post","2":"type-post","3":"status-publish","4":"format-video","5":"has-post-thumbnail","7":"category-actualidad","8":"post_format-post-format-video"},"jetpack_publicize_connections":[],"jetpack_sharing_enabled":true,"jetpack_featured_media_url":"https:\/\/i0.wp.com\/www.masrojo.com.ar\/home\/wp-content\/uploads\/xQIkkJly.jpg?fit=576%2C324&ssl=1","jetpack_shortlink":"https:\/\/wp.me\/p90W9F-jxi","_links":{"self":[{"href":"https:\/\/www.masrojo.com.ar\/home\/wp-json\/wp\/v2\/posts\/75100"}],"collection":[{"href":"https:\/\/www.masrojo.com.ar\/home\/wp-json\/wp\/v2\/posts"}],"about":[{"href":"https:\/\/www.masrojo.com.ar\/home\/wp-json\/wp\/v2\/types\/post"}],"author":[{"embeddable":true,"href":"https:\/\/www.masrojo.com.ar\/home\/wp-json\/wp\/v2\/users\/6"}],"replies":[{"embeddable":true,"href":"https:\/\/www.masrojo.com.ar\/home\/wp-json\/wp\/v2\/comments?post=75100"}],"version-history":[{"count":1,"href":"https:\/\/www.masrojo.com.ar\/home\/wp-json\/wp\/v2\/posts\/75100\/revisions"}],"predecessor-version":[{"id":75102,"href":"https:\/\/www.masrojo.com.ar\/home\/wp-json\/wp\/v2\/posts\/75100\/revisions\/75102"}],"wp:featuredmedia":[{"embeddable":true,"href":"https:\/\/www.masrojo.com.ar\/home\/wp-json\/wp\/v2\/media\/75101"}],"wp:attachment":[{"href":"https:\/\/www.masrojo.com.ar\/home\/wp-json\/wp\/v2\/media?parent=75100"}],"wp:term":[{"taxonomy":"category","embeddable":true,"href":"https:\/\/www.masrojo.com.ar\/home\/wp-json\/wp\/v2\/categories?post=75100"},{"taxonomy":"post_tag","embeddable":true,"href":"https:\/\/www.masrojo.com.ar\/home\/wp-json\/wp\/v2\/tags?post=75100"}],"curies":[{"name":"wp","href":"https:\/\/api.w.org\/{rel}","templated":true}]}}