{"id":75103,"date":"2024-12-19T07:49:10","date_gmt":"2024-12-19T10:49:10","guid":{"rendered":"https:\/\/www.masrojo.com.ar\/home\/?p=75103"},"modified":"2024-12-19T07:49:10","modified_gmt":"2024-12-19T10:49:10","slug":"laso-no-sigue-en-el-rojo","status":"publish","type":"post","link":"https:\/\/www.masrojo.com.ar\/home\/2024\/12\/19\/laso-no-sigue-en-el-rojo\/","title":{"rendered":"LASO NO SIGUE EN EL ROJO"},"content":{"rendered":"<p style=\"text-align: justify;\">Daniel Seoane, Secretario General de Independiente confirm\u00f3 que el defensor central no seguir\u00e1 en el rojo.<\/p>\n<p style=\"text-align: justify;\"><strong>\u00abJoaqu\u00edn Laso termina el contrato el 31 de diciembre. Es uno de los que no va a ser tenido en cuenta y no se le renovar\u00e1 su contrato\u00bb, <\/strong>afirm\u00f3 el directivo.<\/p>\n<p style=\"text-align: justify;\">As\u00ed se da apor terminada la novela de, tal vez, el jugador m\u00e1s resistido por los hinchas en el \u00faltimo tiempo.<\/p>\n","protected":false},"excerpt":{"rendered":"<div class=\"mh-excerpt\"><p>Daniel Seoane, Secretario General de Independiente confirm\u00f3 que el defensor central no seguir\u00e1 en el rojo. \u00abJoaqu\u00edn Laso termina el contrato el 31 de diciembre. Es uno de los que no va a ser tenido <a class=\"mh-excerpt-more\" href=\"https:\/\/www.masrojo.com.ar\/home\/2024\/12\/19\/laso-no-sigue-en-el-rojo\/\" title=\"LASO NO SIGUE EN EL ROJO\">[&#8230;]<\/a><\/p>\n<\/div>","protected":false},"author":6,"featured_media":72222,"comment_status":"closed","ping_status":"closed","sticky":false,"template":"","format":"image","meta":{"_jetpack_memberships_contains_paid_content":false,"footnotes":"","jetpack_publicize_message":"","jetpack_publicize_feature_enabled":true,"jetpack_social_post_already_shared":true,"jetpack_social_options":{"image_generator_settings":{"template":"highway","enabled":false},"version":2}},"categories":[4],"tags":[],"class_list":{"0":"post-75103","1":"post","2":"type-post","3":"status-publish","4":"format-image","5":"has-post-thumbnail","7":"category-actualidad","8":"post_format-post-format-image"},"jetpack_publicize_connections":[],"jetpack_sharing_enabled":true,"jetpack_featured_media_url":"https:\/\/i0.wp.com\/www.masrojo.com.ar\/home\/wp-content\/uploads\/laso-vekez.jpeg?fit=900%2C600&ssl=1","jetpack_shortlink":"https:\/\/wp.me\/p90W9F-jxl","_links":{"self":[{"href":"https:\/\/www.masrojo.com.ar\/home\/wp-json\/wp\/v2\/posts\/75103"}],"collection":[{"href":"https:\/\/www.masrojo.com.ar\/home\/wp-json\/wp\/v2\/posts"}],"about":[{"href":"https:\/\/www.masrojo.com.ar\/home\/wp-json\/wp\/v2\/types\/post"}],"author":[{"embeddable":true,"href":"https:\/\/www.masrojo.com.ar\/home\/wp-json\/wp\/v2\/users\/6"}],"replies":[{"embeddable":true,"href":"https:\/\/www.masrojo.com.ar\/home\/wp-json\/wp\/v2\/comments?post=75103"}],"version-history":[{"count":1,"href":"https:\/\/www.masrojo.com.ar\/home\/wp-json\/wp\/v2\/posts\/75103\/revisions"}],"predecessor-version":[{"id":75104,"href":"https:\/\/www.masrojo.com.ar\/home\/wp-json\/wp\/v2\/posts\/75103\/revisions\/75104"}],"wp:featuredmedia":[{"embeddable":true,"href":"https:\/\/www.masrojo.com.ar\/home\/wp-json\/wp\/v2\/media\/72222"}],"wp:attachment":[{"href":"https:\/\/www.masrojo.com.ar\/home\/wp-json\/wp\/v2\/media?parent=75103"}],"wp:term":[{"taxonomy":"category","embeddable":true,"href":"https:\/\/www.masrojo.com.ar\/home\/wp-json\/wp\/v2\/categories?post=75103"},{"taxonomy":"post_tag","embeddable":true,"href":"https:\/\/www.masrojo.com.ar\/home\/wp-json\/wp\/v2\/tags?post=75103"}],"curies":[{"name":"wp","href":"https:\/\/api.w.org\/{rel}","templated":true}]}}