{"id":75148,"date":"2025-01-27T18:08:49","date_gmt":"2025-01-27T21:08:49","guid":{"rendered":"https:\/\/www.masrojo.com.ar\/home\/?p=75148"},"modified":"2025-01-28T11:17:23","modified_gmt":"2025-01-28T14:17:23","slug":"canelo-se-fue-a-lanus","status":"publish","type":"post","link":"https:\/\/www.masrojo.com.ar\/home\/2025\/01\/27\/canelo-se-fue-a-lanus\/","title":{"rendered":"Canelo se fue a Lan\u00fas"},"content":{"rendered":"<p>Alexis Canelo solucion\u00f3 la situaci\u00f3n que trab\u00f3 su pase a Lan\u00fas hace unos d\u00edas atr\u00e1s, cuando no pas\u00f3 la revisi\u00f3n m\u00e9dica y no hab\u00eda acuerdo respecto a la extensi\u00f3n de su contrato. Finalmente, rescindi\u00f3 su v\u00ednculo con Independiente y firm\u00f3 con la camiseta del Granate, donde este lunes fue presentado, para ocupar la delantera en Cabrero y Guidi.<\/p>\n<p>\u201c<strong><em>OFICIAL. Alexis Canelo firm\u00f3 con el Granate y se convirti\u00f3 en nuestro cuarto refuerzo en el mercado de verano<\/em><\/strong>\u201d, se\u00f1al\u00f3 el club a trav\u00e9s de sus redes sociales en compa\u00f1\u00eda de un video en donde se lo puede ver al ex Almirante Brown y Quilmes, entre otros, posando, por primera vez, con la camiseta de Lan\u00fas: utilizar\u00e1 el dorsal n\u00famero 14.<\/p>\n<blockquote class=\"twitter-tweet\" data-media-max-width=\"560\">\n<p dir=\"ltr\" lang=\"es\">OFICIAL &#x1f1f1;&#x1f1fb; Alexis Canelo firm\u00f3 con el Granate y se convirti\u00f3 en nuestro cuarto refuerzo en el mercado de verano<\/p>\n<p>&#x1f517; M\u00e1s informaci\u00f3n: <a href=\"https:\/\/t.co\/4jSTuewnZf\">https:\/\/t.co\/4jSTuewnZf<\/a> <a href=\"https:\/\/t.co\/WO3vwl9oUq\">pic.twitter.com\/WO3vwl9oUq<\/a><\/p>\n<p>\u2014 Club Lan\u00fas (@clublanus) <a href=\"https:\/\/twitter.com\/clublanus\/status\/1883982349693771936?ref_src=twsrc%5Etfw\">January 27, 2025<\/a><\/p><\/blockquote>\n<p><script async src=\"https:\/\/platform.twitter.com\/widgets.js\" charset=\"utf-8\"><\/script><\/p>\n<p>Sin embargo, su llegada hab\u00eda sido frenada por un problema en su rodilla derecha, detectado en los chequeos. Al mismo tiempo, Lan\u00fas se puso en campa\u00f1a para buscar otro delantero, siendo Nicol\u00e1s Orsini la primera opci\u00f3n.<\/p>\n<p>En el inicio de la negociaci\u00f3n, Canelo iba a comprometerse por dos a\u00f1os. Pero la soluci\u00f3n lleg\u00f3 r\u00e1pido, aunque con un cambio: firm\u00f3 por un a\u00f1o.<\/p>\n","protected":false},"excerpt":{"rendered":"<div class=\"mh-excerpt\"><p>Alexis Canelo solucion\u00f3 la situaci\u00f3n que trab\u00f3 su pase a Lan\u00fas hace unos d\u00edas atr\u00e1s, cuando no pas\u00f3 la revisi\u00f3n m\u00e9dica y no hab\u00eda acuerdo respecto a la extensi\u00f3n de su contrato. Finalmente, rescindi\u00f3 su <a class=\"mh-excerpt-more\" href=\"https:\/\/www.masrojo.com.ar\/home\/2025\/01\/27\/canelo-se-fue-a-lanus\/\" title=\"Canelo se fue a Lan\u00fas\">[&#8230;]<\/a><\/p>\n<\/div>","protected":false},"author":6,"featured_media":75149,"comment_status":"closed","ping_status":"closed","sticky":false,"template":"","format":"standard","meta":{"_jetpack_memberships_contains_paid_content":false,"footnotes":"","jetpack_publicize_message":"","jetpack_publicize_feature_enabled":true,"jetpack_social_post_already_shared":true,"jetpack_social_options":{"image_generator_settings":{"template":"highway","enabled":false},"version":2}},"categories":[4],"tags":[1177,60,19],"class_list":{"0":"post-75148","1":"post","2":"type-post","3":"status-publish","4":"format-standard","5":"has-post-thumbnail","7":"category-actualidad","8":"tag-alexis-canelo","9":"tag-lanus","10":"tag-mercado-de-pases"},"jetpack_publicize_connections":[],"jetpack_sharing_enabled":true,"jetpack_featured_media_url":"https:\/\/i0.wp.com\/www.masrojo.com.ar\/home\/wp-content\/uploads\/CANELO-LANUS.png?fit=1352%2C1012&ssl=1","jetpack_shortlink":"https:\/\/wp.me\/p90W9F-jy4","_links":{"self":[{"href":"https:\/\/www.masrojo.com.ar\/home\/wp-json\/wp\/v2\/posts\/75148"}],"collection":[{"href":"https:\/\/www.masrojo.com.ar\/home\/wp-json\/wp\/v2\/posts"}],"about":[{"href":"https:\/\/www.masrojo.com.ar\/home\/wp-json\/wp\/v2\/types\/post"}],"author":[{"embeddable":true,"href":"https:\/\/www.masrojo.com.ar\/home\/wp-json\/wp\/v2\/users\/6"}],"replies":[{"embeddable":true,"href":"https:\/\/www.masrojo.com.ar\/home\/wp-json\/wp\/v2\/comments?post=75148"}],"version-history":[{"count":1,"href":"https:\/\/www.masrojo.com.ar\/home\/wp-json\/wp\/v2\/posts\/75148\/revisions"}],"predecessor-version":[{"id":75150,"href":"https:\/\/www.masrojo.com.ar\/home\/wp-json\/wp\/v2\/posts\/75148\/revisions\/75150"}],"wp:featuredmedia":[{"embeddable":true,"href":"https:\/\/www.masrojo.com.ar\/home\/wp-json\/wp\/v2\/media\/75149"}],"wp:attachment":[{"href":"https:\/\/www.masrojo.com.ar\/home\/wp-json\/wp\/v2\/media?parent=75148"}],"wp:term":[{"taxonomy":"category","embeddable":true,"href":"https:\/\/www.masrojo.com.ar\/home\/wp-json\/wp\/v2\/categories?post=75148"},{"taxonomy":"post_tag","embeddable":true,"href":"https:\/\/www.masrojo.com.ar\/home\/wp-json\/wp\/v2\/tags?post=75148"}],"curies":[{"name":"wp","href":"https:\/\/api.w.org\/{rel}","templated":true}]}}