{"id":75174,"date":"2025-02-03T11:48:11","date_gmt":"2025-02-03T14:48:11","guid":{"rendered":"https:\/\/www.masrojo.com.ar\/home\/?p=75174"},"modified":"2025-02-03T11:48:22","modified_gmt":"2025-02-03T14:48:22","slug":"river-es-un-partido-mas-en-el-fixture","status":"publish","type":"post","link":"https:\/\/www.masrojo.com.ar\/home\/2025\/02\/03\/river-es-un-partido-mas-en-el-fixture\/","title":{"rendered":"\u00abRiver es un partido m\u00e1s en el fixture\u00bb"},"content":{"rendered":"<p>El entrenador de Independiente, Julio Vaccari, palpit\u00f3 el cl\u00e1sico que afrontar\u00e1 su equipo el pr\u00f3ximo domingo desde las 19.15 en el Monumental, por la fecha 4 de la zona B del Apertura 2025: <em><strong>\u00abRiver es un partido m\u00e1s en el fixture, hay que tomarlo de esa manera\u00bb<\/strong><\/em><\/p>\n<p>Luego de la victoria por 2-0 frente a Gimnasia que le permiti\u00f3 mantener el invicto, el t\u00e9nico del Rojo se mostr\u00f3 confiado para el choque con los de Marcelo Gallardo:<em><strong> \u00ab\u00bfSi me genera miedo? Nah, me est\u00e1n jodiendo. Es el partido m\u00e1s lindo para jugar, pero no podemos desviarnos de lo propio<\/strong><\/em>\u201d.<\/p>\n<p>Y, sobre el Millonario, complet\u00f3: \u00ab<em>Es un gran equipo. Por posibilidades econ\u00f3micas est\u00e1 por encima de los otros equipos de la liga, pero somos un equipo grande y tenemos que ir a buscar lo que creemos que es justo para la instituci\u00f3n\u00bb<\/em>.<\/p>\n<p>A su vez, el exentrenador de Defensa y Justicia destac\u00f3 el rendimiento de sus dirigidos para obtener el tercer triunfo consecuvito en el Apertura: <em><strong>\u00abMe gust\u00f3 el equipo en l\u00edneas generales. Nos falt\u00f3 precisi\u00f3n en la parte final, pero estoy muy contento porque siempre lo fuimos a buscar. Por momentos fallamos algunas chances y nos equivocamos en el camino y las formas, pero estoy muy contento porque atacamos incluso cuando est\u00e1bamos ganando<\/strong><\/em>\u201d.<\/p>\n<p>Por \u00faltimo, sobre las oportunidades del conjunto de Avellaneda esta temporada, el DT de 44 a\u00f1os se\u00f1al\u00f3: <em>\u00abDesde afuera ve\u00edamos que Independiente ganaba un partido, despu\u00e9s perd\u00eda otro. Se le hac\u00eda cuesta arriba sostener una l\u00ednea de juego y cuando vinimos nos propusimos que sea un equipo serio, que compita contra el que sea vaya al frente, en busca del resultado. Cada minuto estos chicos tienen que pensar que se juegan la grandeza de esta instituci\u00f3n, cada segundo cuenta para seguir agigantando la grandeza de esta instituci\u00f3n\u201d.<\/em><\/p>\n<p><iframe loading=\"lazy\" title=\"YouTube video player\" src=\"https:\/\/www.youtube.com\/embed\/PXlf6BO5RH0?si=gj7tAvHhZf7r8Hhv\" width=\"560\" height=\"315\" frameborder=\"0\" allowfullscreen=\"allowfullscreen\"><\/iframe><\/p>\n<p><iframe loading=\"lazy\" title=\"YouTube video player\" src=\"https:\/\/www.youtube.com\/embed\/meL4PsB-19g?si=anWMlqOEl0EpxnzD\" width=\"560\" height=\"315\" frameborder=\"0\" allowfullscreen=\"allowfullscreen\"><\/iframe><\/p>\n","protected":false},"excerpt":{"rendered":"<div class=\"mh-excerpt\"><p>El entrenador de Independiente, Julio Vaccari, palpit\u00f3 el cl\u00e1sico que afrontar\u00e1 su equipo el pr\u00f3ximo domingo desde las 19.15 en el Monumental, por la fecha 4 de la zona B del Apertura 2025: \u00abRiver es <a class=\"mh-excerpt-more\" href=\"https:\/\/www.masrojo.com.ar\/home\/2025\/02\/03\/river-es-un-partido-mas-en-el-fixture\/\" title=\"\u00abRiver es un partido m\u00e1s en el fixture\u00bb\">[&#8230;]<\/a><\/p>\n<\/div>","protected":false},"author":6,"featured_media":75175,"comment_status":"closed","ping_status":"closed","sticky":false,"template":"","format":"standard","meta":{"_jetpack_memberships_contains_paid_content":false,"footnotes":"","jetpack_publicize_message":"","jetpack_publicize_feature_enabled":true,"jetpack_social_post_already_shared":true,"jetpack_social_options":{"image_generator_settings":{"template":"highway","enabled":false},"version":2}},"categories":[4],"tags":[81,1321,1165,1274],"class_list":{"0":"post-75174","1":"post","2":"type-post","3":"status-publish","4":"format-standard","5":"has-post-thumbnail","7":"category-actualidad","8":"tag-conferencia-de-prensa","9":"tag-copa-de-la-liga-apertura","10":"tag-gimnasia-y-esgrima","11":"tag-julio-vaccari"},"jetpack_publicize_connections":[],"jetpack_sharing_enabled":true,"jetpack_featured_media_url":"https:\/\/i0.wp.com\/www.masrojo.com.ar\/home\/wp-content\/uploads\/vaccari-1.jpg?fit=675%2C405&ssl=1","jetpack_shortlink":"https:\/\/wp.me\/p90W9F-jyu","_links":{"self":[{"href":"https:\/\/www.masrojo.com.ar\/home\/wp-json\/wp\/v2\/posts\/75174"}],"collection":[{"href":"https:\/\/www.masrojo.com.ar\/home\/wp-json\/wp\/v2\/posts"}],"about":[{"href":"https:\/\/www.masrojo.com.ar\/home\/wp-json\/wp\/v2\/types\/post"}],"author":[{"embeddable":true,"href":"https:\/\/www.masrojo.com.ar\/home\/wp-json\/wp\/v2\/users\/6"}],"replies":[{"embeddable":true,"href":"https:\/\/www.masrojo.com.ar\/home\/wp-json\/wp\/v2\/comments?post=75174"}],"version-history":[{"count":1,"href":"https:\/\/www.masrojo.com.ar\/home\/wp-json\/wp\/v2\/posts\/75174\/revisions"}],"predecessor-version":[{"id":75176,"href":"https:\/\/www.masrojo.com.ar\/home\/wp-json\/wp\/v2\/posts\/75174\/revisions\/75176"}],"wp:featuredmedia":[{"embeddable":true,"href":"https:\/\/www.masrojo.com.ar\/home\/wp-json\/wp\/v2\/media\/75175"}],"wp:attachment":[{"href":"https:\/\/www.masrojo.com.ar\/home\/wp-json\/wp\/v2\/media?parent=75174"}],"wp:term":[{"taxonomy":"category","embeddable":true,"href":"https:\/\/www.masrojo.com.ar\/home\/wp-json\/wp\/v2\/categories?post=75174"},{"taxonomy":"post_tag","embeddable":true,"href":"https:\/\/www.masrojo.com.ar\/home\/wp-json\/wp\/v2\/tags?post=75174"}],"curies":[{"name":"wp","href":"https:\/\/api.w.org\/{rel}","templated":true}]}}