{"id":75237,"date":"2025-02-18T11:26:01","date_gmt":"2025-02-18T14:26:01","guid":{"rendered":"https:\/\/www.masrojo.com.ar\/home\/?p=75237"},"modified":"2025-02-18T11:26:01","modified_gmt":"2025-02-18T14:26:01","slug":"la-autocritica-de-vaccari","status":"publish","type":"post","link":"https:\/\/www.masrojo.com.ar\/home\/2025\/02\/18\/la-autocritica-de-vaccari\/","title":{"rendered":"LA AUTOCR\u00cdTICA DE VACCARI"},"content":{"rendered":"<p>El t\u00e9cnico del Rojo no puso excusas, tras el 1-1 que le impidi\u00f3 seguir en lo m\u00e1s alto de la Zona B. \u201cNo siempre vamos a jugar como lo hicimos contra V\u00e9lez\u201d, afirm\u00f3. Adem\u00e1s, agreg\u00f3: \u00abEl tema fue m\u00e1s futbol\u00edstico que de actitud\u201d.<\/p>\n<p>Julio Vaccari analiz\u00f3 el empate 1-1 de Independiente frente a Platense en Vicente L\u00f3pez, que le impidi\u00f3 continuar en lo m\u00e1s alto de la Zona B del Torneo Apertura. \u201cNo siempre vamos a jugar como lo hicimos contra V\u00e9lez\u201d, afirm\u00f3 el director t\u00e9cnico del Rojo en la conferencia de prensa.<\/p>\n<p>El entrenador, que hizo referencia a la goleada 3-0 sobre el Fort\u00edn en la jornada anterior, destac\u00f3 que \u201cel tema fue m\u00e1s futbol\u00edstico que de actitud\u201d. Adem\u00e1s, agreg\u00f3: \u201cNo encontramos los caminos ni pudimos fluir en el medio. Se jug\u00f3 donde ellos se sienten m\u00e1s c\u00f3modos. Me esperaba este partido\u201d.<\/p>\n<p>Con respecto a lo que busca de su Independiente, fue contundente. \u201cLa mayor virtud de los equipos es poder acomodarse a distintos rivales. A nosotros nos result\u00f3 inc\u00f3modo y no lo pudimos resolver. Quiero felicitar a Platense, porque hace 10 encuentros que no pierde en este estadio\u201d, manifest\u00f3.<\/p>\n<p>El director t\u00e9cnico evit\u00f3 justificaciones por el estado del terreno de juego y sostuvo que \u201cno hay excusas por el campo\u201d. En tanto, explic\u00f3 c\u00f3mo prepar\u00f3 el partido en los d\u00edas previos y a\u00f1adi\u00f3: \u201cJugamos de una manera apropiada a lo que el rival nos iba a proponer y a lo que la cancha permit\u00eda\u201d.<\/p>\n<p><iframe loading=\"lazy\" width=\"560\" height=\"315\" src=\"https:\/\/www.youtube.com\/embed\/2hzaOoGBPwU?si=d0bk8amEDO3UWlXJ\" title=\"YouTube video player\" frameborder=\"0\" allow=\"accelerometer; autoplay; clipboard-write; encrypted-media; gyroscope; picture-in-picture; web-share\" referrerpolicy=\"strict-origin-when-cross-origin\" allowfullscreen><\/iframe><\/p>\n","protected":false},"excerpt":{"rendered":"<div class=\"mh-excerpt\"><p>El t\u00e9cnico del Rojo no puso excusas, tras el 1-1 que le impidi\u00f3 seguir en lo m\u00e1s alto de la Zona B. \u201cNo siempre vamos a jugar como lo hicimos contra V\u00e9lez\u201d, afirm\u00f3. Adem\u00e1s, agreg\u00f3: <a class=\"mh-excerpt-more\" href=\"https:\/\/www.masrojo.com.ar\/home\/2025\/02\/18\/la-autocritica-de-vaccari\/\" title=\"LA AUTOCR\u00cdTICA DE VACCARI\">[&#8230;]<\/a><\/p>\n<\/div>","protected":false},"author":6,"featured_media":75162,"comment_status":"closed","ping_status":"closed","sticky":false,"template":"","format":"video","meta":{"_jetpack_memberships_contains_paid_content":false,"footnotes":"","jetpack_publicize_message":"","jetpack_publicize_feature_enabled":true,"jetpack_social_post_already_shared":true,"jetpack_social_options":{"image_generator_settings":{"template":"highway","enabled":false},"version":2}},"categories":[4],"tags":[],"class_list":{"0":"post-75237","1":"post","2":"type-post","3":"status-publish","4":"format-video","5":"has-post-thumbnail","7":"category-actualidad","8":"post_format-post-format-video"},"jetpack_publicize_connections":[],"jetpack_sharing_enabled":true,"jetpack_featured_media_url":"https:\/\/i0.wp.com\/www.masrojo.com.ar\/home\/wp-content\/uploads\/VACC.jpg?fit=680%2C408&ssl=1","jetpack_shortlink":"https:\/\/wp.me\/p90W9F-jzv","_links":{"self":[{"href":"https:\/\/www.masrojo.com.ar\/home\/wp-json\/wp\/v2\/posts\/75237"}],"collection":[{"href":"https:\/\/www.masrojo.com.ar\/home\/wp-json\/wp\/v2\/posts"}],"about":[{"href":"https:\/\/www.masrojo.com.ar\/home\/wp-json\/wp\/v2\/types\/post"}],"author":[{"embeddable":true,"href":"https:\/\/www.masrojo.com.ar\/home\/wp-json\/wp\/v2\/users\/6"}],"replies":[{"embeddable":true,"href":"https:\/\/www.masrojo.com.ar\/home\/wp-json\/wp\/v2\/comments?post=75237"}],"version-history":[{"count":1,"href":"https:\/\/www.masrojo.com.ar\/home\/wp-json\/wp\/v2\/posts\/75237\/revisions"}],"predecessor-version":[{"id":75238,"href":"https:\/\/www.masrojo.com.ar\/home\/wp-json\/wp\/v2\/posts\/75237\/revisions\/75238"}],"wp:featuredmedia":[{"embeddable":true,"href":"https:\/\/www.masrojo.com.ar\/home\/wp-json\/wp\/v2\/media\/75162"}],"wp:attachment":[{"href":"https:\/\/www.masrojo.com.ar\/home\/wp-json\/wp\/v2\/media?parent=75237"}],"wp:term":[{"taxonomy":"category","embeddable":true,"href":"https:\/\/www.masrojo.com.ar\/home\/wp-json\/wp\/v2\/categories?post=75237"},{"taxonomy":"post_tag","embeddable":true,"href":"https:\/\/www.masrojo.com.ar\/home\/wp-json\/wp\/v2\/tags?post=75237"}],"curies":[{"name":"wp","href":"https:\/\/api.w.org\/{rel}","templated":true}]}}