{"id":75329,"date":"2025-03-17T13:12:44","date_gmt":"2025-03-17T16:12:44","guid":{"rendered":"https:\/\/www.masrojo.com.ar\/home\/?p=75329"},"modified":"2025-03-17T13:12:44","modified_gmt":"2025-03-17T16:12:44","slug":"a-veces-no-hay-que-hablar","status":"publish","type":"post","link":"https:\/\/www.masrojo.com.ar\/home\/2025\/03\/17\/a-veces-no-hay-que-hablar\/","title":{"rendered":"\u00abA veces no hay que hablar\u00bb"},"content":{"rendered":"<p>Julio Vaccari, director t\u00e9cnico de Independiente, tuvo una filosa respuesta cuando le preguntaron por la queja de Gustavo Costas sobre el arbitraje de Nicol\u00e1s Ram\u00edrez en el empate por 1-1 en el cl\u00e1sico de Avellaneda.<\/p>\n<p>\u00ab<em>No nos cobraron nada, fue alevoso<\/em>\u00ab, dispar\u00f3 el entrenador de Racing. Sobre esto, su par del Rojo lanz\u00f3 en conferencia: \u00ab<em>Es algo que declar\u00f3 \u00e9l, \u00a1c\u00f3mo me voy a meter! Si hubo equivocaciones fueron para los dos. Me acuerdo de que en cancha de Racing ten\u00edamos nueve futbolistas y nos dec\u00edan que hab\u00edamos hecho tiempo.<strong> A veces no hay que hablar. Me toca dirigir al tercer grande del f\u00fatbol argentino, opino solo de ese equipo<\/strong><\/em>\u00ab.<\/p>\n<p>\u00ab<em>Del \u00e1rbitro, hubo situaciones que me parecieron de penalizaci\u00f3n, pero son situaciones complejas<\/em>\u00ab, se limit\u00f3 a decir. Y a\u00f1adi\u00f3: \u00ab<em><strong>Yo nunca festejo cuando el partido termina empatado porque nosotros queremos ganar en todas las canchas y en todos los partidos<\/strong>. El tr\u00e1mite de juego lo decidi\u00f3. Por lo del segundo tiempo, merec\u00edamos m\u00e1s. No festejo el empate<\/em>\u00ab.<\/p>\n<p>Adem\u00e1s, Vaccari afirm\u00f3 que \u00ab<em>en el segundo tiempo fue todo de Independiente, fue absoluto<\/em>\u00bb y que \u00ab<em>no hubo un rival que exigiera en el segundo tiempo<\/em>\u00ab. \u00ab<em>Pod\u00eda llegar o no el gol, esto es f\u00fatbol y sabemos que es as\u00ed. Pero la b\u00fasqueda incesante era desde lo futbol\u00edstico, desde el coraje y desde la desesperaci\u00f3n. Era todo de Independiente y merec\u00edamos que llegara el gol<\/em>\u00ab, agreg\u00f3.<\/p>\n<p>Adem\u00e1s, el entrenador del Rojo elogi\u00f3 a su capit\u00e1n, de gran actuaci\u00f3n en el cl\u00e1sico: \u00ab<em><strong>Rodrigo Rey lo demuestra todos los partidos, es un arquero para equipo grande. Rodrigo es para este tipo de equipos<\/strong><\/em>\u00ab.<\/p>\n<p>Julio Vaccari destac\u00f3 a un jugador de Racing. \u00ab<em>Sab\u00edamos que, con Sosa, pod\u00edan armar l\u00ednea de tres. De hecho, se plant\u00f3 como interno. Para m\u00ed, es un futbolista de otro nivel, las veces que lo vi, es un tremendo jugador. Tiene una muy buena faceta defensiva y ofensiva. Trabaj\u00f3 mucho con los centrales. Cada vez que hac\u00edamos un env\u00edo a\u00e9reo, \u00e9l retroced\u00eda. No me sorprende, puede jugar en cualquier lado. No me sorprendi\u00f3 el planteo de Racing porque lo ven\u00eda haciendo. Iba a jugar al error nuestro, con pelotas para Salas y Maravilla, que tienen jerarqu\u00eda para eso<\/em>\u00ab, expres\u00f3.<\/p>\n","protected":false},"excerpt":{"rendered":"<div class=\"mh-excerpt\"><p>Julio Vaccari, director t\u00e9cnico de Independiente, tuvo una filosa respuesta cuando le preguntaron por la queja de Gustavo Costas sobre el arbitraje de Nicol\u00e1s Ram\u00edrez en el empate por 1-1 en el cl\u00e1sico de Avellaneda. <a class=\"mh-excerpt-more\" href=\"https:\/\/www.masrojo.com.ar\/home\/2025\/03\/17\/a-veces-no-hay-que-hablar\/\" title=\"\u00abA veces no hay que hablar\u00bb\">[&#8230;]<\/a><\/p>\n<\/div>","protected":false},"author":6,"featured_media":75326,"comment_status":"closed","ping_status":"closed","sticky":false,"template":"","format":"standard","meta":{"_jetpack_memberships_contains_paid_content":false,"footnotes":"","jetpack_publicize_message":"","jetpack_publicize_feature_enabled":true,"jetpack_social_post_already_shared":true,"jetpack_social_options":{"image_generator_settings":{"template":"highway","enabled":false},"version":2}},"categories":[4],"tags":[1274,930],"class_list":{"0":"post-75329","1":"post","2":"type-post","3":"status-publish","4":"format-standard","5":"has-post-thumbnail","7":"category-actualidad","8":"tag-julio-vaccari","9":"tag-racing-club"},"jetpack_publicize_connections":[],"jetpack_sharing_enabled":true,"jetpack_featured_media_url":"https:\/\/i0.wp.com\/www.masrojo.com.ar\/home\/wp-content\/uploads\/vaccari-racing.jpg?fit=339%2C233&ssl=1","jetpack_shortlink":"https:\/\/wp.me\/p90W9F-jAZ","_links":{"self":[{"href":"https:\/\/www.masrojo.com.ar\/home\/wp-json\/wp\/v2\/posts\/75329"}],"collection":[{"href":"https:\/\/www.masrojo.com.ar\/home\/wp-json\/wp\/v2\/posts"}],"about":[{"href":"https:\/\/www.masrojo.com.ar\/home\/wp-json\/wp\/v2\/types\/post"}],"author":[{"embeddable":true,"href":"https:\/\/www.masrojo.com.ar\/home\/wp-json\/wp\/v2\/users\/6"}],"replies":[{"embeddable":true,"href":"https:\/\/www.masrojo.com.ar\/home\/wp-json\/wp\/v2\/comments?post=75329"}],"version-history":[{"count":1,"href":"https:\/\/www.masrojo.com.ar\/home\/wp-json\/wp\/v2\/posts\/75329\/revisions"}],"predecessor-version":[{"id":75330,"href":"https:\/\/www.masrojo.com.ar\/home\/wp-json\/wp\/v2\/posts\/75329\/revisions\/75330"}],"wp:featuredmedia":[{"embeddable":true,"href":"https:\/\/www.masrojo.com.ar\/home\/wp-json\/wp\/v2\/media\/75326"}],"wp:attachment":[{"href":"https:\/\/www.masrojo.com.ar\/home\/wp-json\/wp\/v2\/media?parent=75329"}],"wp:term":[{"taxonomy":"category","embeddable":true,"href":"https:\/\/www.masrojo.com.ar\/home\/wp-json\/wp\/v2\/categories?post=75329"},{"taxonomy":"post_tag","embeddable":true,"href":"https:\/\/www.masrojo.com.ar\/home\/wp-json\/wp\/v2\/tags?post=75329"}],"curies":[{"name":"wp","href":"https:\/\/api.w.org\/{rel}","templated":true}]}}