{"id":75354,"date":"2025-03-25T08:53:51","date_gmt":"2025-03-25T11:53:51","guid":{"rendered":"https:\/\/www.masrojo.com.ar\/home\/?p=75354"},"modified":"2025-03-25T08:53:51","modified_gmt":"2025-03-25T11:53:51","slug":"dias-y-horarios-para-la-copa-de-la-liga","status":"publish","type":"post","link":"https:\/\/www.masrojo.com.ar\/home\/2025\/03\/25\/dias-y-horarios-para-la-copa-de-la-liga\/","title":{"rendered":"D\u00edas y horarios para la Copa de la Liga"},"content":{"rendered":"<p><b>Se dieron a conocer los d\u00edas y horarios de las \u00faltimas 5 fechas de\u00a0 Independiente en la Copa de la Liga, previo a los play off. Este es el panorama:<\/b><\/p>\n<p>&nbsp;<\/p>\n<p><b>Fecha 11, S\u00e1bado 29\/3, 18:45 hs, Vs Godoy Cruz (LDA)<\/b><\/p>\n<p><b>Fecha 12, Domingo 6\/4, 15:30 hs vs Lan\u00fas (V)<\/b><\/p>\n<p><b>Fecha 13, Domingo 13\/4, 18:00 hs, vs S.M San Juan (LDA)<\/b><\/p>\n<p><b>Fecha 14, Viernes 18\/4, 21:30 hs , vs At. Tucum\u00e1n (V)<\/b><\/p>\n<p><b>Fecha 15: Domingo 27\/4, 21:15 hs, vs Riestra (LDA)<\/b><\/p>\n","protected":false},"excerpt":{"rendered":"<div class=\"mh-excerpt\"><p>Se dieron a conocer los d\u00edas y horarios de las \u00faltimas 5 fechas de\u00a0 Independiente en la Copa de la Liga, previo a los play off. Este es el panorama: &nbsp; Fecha 11, S\u00e1bado 29\/3, <a class=\"mh-excerpt-more\" href=\"https:\/\/www.masrojo.com.ar\/home\/2025\/03\/25\/dias-y-horarios-para-la-copa-de-la-liga\/\" title=\"D\u00edas y horarios para la Copa de la Liga\">[&#8230;]<\/a><\/p>\n<\/div>","protected":false},"author":6,"featured_media":75246,"comment_status":"closed","ping_status":"closed","sticky":false,"template":"","format":"image","meta":{"_jetpack_memberships_contains_paid_content":false,"footnotes":"","jetpack_publicize_message":"","jetpack_publicize_feature_enabled":true,"jetpack_social_post_already_shared":true,"jetpack_social_options":{"image_generator_settings":{"template":"highway","enabled":false},"version":2}},"categories":[4],"tags":[],"class_list":{"0":"post-75354","1":"post","2":"type-post","3":"status-publish","4":"format-image","5":"has-post-thumbnail","7":"category-actualidad","8":"post_format-post-format-image"},"jetpack_publicize_connections":[],"jetpack_sharing_enabled":true,"jetpack_featured_media_url":"https:\/\/i0.wp.com\/www.masrojo.com.ar\/home\/wp-content\/uploads\/Sin-titulo-5.png?fit=770%2C435&ssl=1","jetpack_shortlink":"https:\/\/wp.me\/p90W9F-jBo","_links":{"self":[{"href":"https:\/\/www.masrojo.com.ar\/home\/wp-json\/wp\/v2\/posts\/75354"}],"collection":[{"href":"https:\/\/www.masrojo.com.ar\/home\/wp-json\/wp\/v2\/posts"}],"about":[{"href":"https:\/\/www.masrojo.com.ar\/home\/wp-json\/wp\/v2\/types\/post"}],"author":[{"embeddable":true,"href":"https:\/\/www.masrojo.com.ar\/home\/wp-json\/wp\/v2\/users\/6"}],"replies":[{"embeddable":true,"href":"https:\/\/www.masrojo.com.ar\/home\/wp-json\/wp\/v2\/comments?post=75354"}],"version-history":[{"count":1,"href":"https:\/\/www.masrojo.com.ar\/home\/wp-json\/wp\/v2\/posts\/75354\/revisions"}],"predecessor-version":[{"id":75355,"href":"https:\/\/www.masrojo.com.ar\/home\/wp-json\/wp\/v2\/posts\/75354\/revisions\/75355"}],"wp:featuredmedia":[{"embeddable":true,"href":"https:\/\/www.masrojo.com.ar\/home\/wp-json\/wp\/v2\/media\/75246"}],"wp:attachment":[{"href":"https:\/\/www.masrojo.com.ar\/home\/wp-json\/wp\/v2\/media?parent=75354"}],"wp:term":[{"taxonomy":"category","embeddable":true,"href":"https:\/\/www.masrojo.com.ar\/home\/wp-json\/wp\/v2\/categories?post=75354"},{"taxonomy":"post_tag","embeddable":true,"href":"https:\/\/www.masrojo.com.ar\/home\/wp-json\/wp\/v2\/tags?post=75354"}],"curies":[{"name":"wp","href":"https:\/\/api.w.org\/{rel}","templated":true}]}}