{"id":75380,"date":"2025-03-30T17:23:11","date_gmt":"2025-03-30T20:23:11","guid":{"rendered":"https:\/\/www.masrojo.com.ar\/home\/?p=75380"},"modified":"2025-03-30T17:23:11","modified_gmt":"2025-03-30T20:23:11","slug":"inauguracion-de-un-palco-sensorial","status":"publish","type":"post","link":"https:\/\/www.masrojo.com.ar\/home\/2025\/03\/30\/inauguracion-de-un-palco-sensorial\/","title":{"rendered":"Inauguraci\u00f3n de un Palco Sensorial"},"content":{"rendered":"<p>El Club Atl\u00e9tico Independiente, junto a BEF (Blue Elephant Foundation) y la colaboraci\u00f3n de la Asociaci\u00f3n Civil TEActiva, anuncia con orgullo la inauguraci\u00f3n de un Palco Sensorial en el Estadio Libertadores de Am\u00e9rica-Ricardo Enrique Bochini.<\/p>\n<p>Este espacio es el tercero en el pa\u00eds y el primero de esta magnitud en Buenos Aires. Est\u00e1 dise\u00f1ado para brindar un ambiente adaptado a ni\u00f1os, ni\u00f1as, j\u00f3venes y adultos en la condici\u00f3n del espectro autista y otras neurodivergencias, promoviendo la inclusi\u00f3n y la convivencia en el f\u00fatbol. Contar\u00e1 con las presencias de profesionales que asistir\u00e1n a los invitados y con la colaboraci\u00f3n del equipo de Rojo Inclusivo.<\/p>\n<p>La iniciativa surge en apoyo al arquero Rodrigo Rey y su familia, extendiendo su beneficio a muchas otras familias que ahora podr\u00e1n disfrutar de los partidos en un entorno seguro y c\u00f3modo, con el objetivo de integrarlos al ambiente \u00fanico que se vive en el LDA-REB.<br \/>\nEl estreno oficial ser\u00e1 el s\u00e1bado 29 de marzo frente a Godoy Cruz, en el marco de la Semana Azul que se inicia justamente ese d\u00eda, reafirmando el compromiso del club con la inclusi\u00f3n y el bienestar de todos sus hinchas.<\/p>\n<p>&nbsp;<\/p>\n<blockquote class=\"twitter-tweet\">\n<p dir=\"ltr\" lang=\"es\">Antes del precalentamiento, Benicio Rey estuvo pateando penales con Pep\u00e9 Santoro &#x2764;&#xfe0f;<\/p>\n<p>Hoy comienza la Semana Azul, siete d\u00edas para hablar de autismo, una problem\u00e1tica que afecta a 1 cada 36 ni\u00f1os en todo el mundo.<a href=\"https:\/\/twitter.com\/hashtag\/TodoRojo?src=hash&amp;ref_src=twsrc%5Etfw\">#TodoRojo<\/a> &#x1f534; <a href=\"https:\/\/t.co\/cOI23TI4Qf\">pic.twitter.com\/cOI23TI4Qf<\/a><\/p>\n<p>\u2014 C. A. Independiente (@Independiente) <a href=\"https:\/\/twitter.com\/Independiente\/status\/1906097742947983834?ref_src=twsrc%5Etfw\">March 29, 2025<\/a><\/p><\/blockquote>\n<p><script async src=\"https:\/\/platform.twitter.com\/widgets.js\" charset=\"utf-8\"><\/script><\/p>\n","protected":false},"excerpt":{"rendered":"<div class=\"mh-excerpt\"><p>El Club Atl\u00e9tico Independiente, junto a BEF (Blue Elephant Foundation) y la colaboraci\u00f3n de la Asociaci\u00f3n Civil TEActiva, anuncia con orgullo la inauguraci\u00f3n de un Palco Sensorial en el Estadio Libertadores de Am\u00e9rica-Ricardo Enrique Bochini. <a class=\"mh-excerpt-more\" href=\"https:\/\/www.masrojo.com.ar\/home\/2025\/03\/30\/inauguracion-de-un-palco-sensorial\/\" title=\"Inauguraci\u00f3n de un Palco Sensorial\">[&#8230;]<\/a><\/p>\n<\/div>","protected":false},"author":6,"featured_media":75381,"comment_status":"closed","ping_status":"closed","sticky":false,"template":"","format":"standard","meta":{"_jetpack_memberships_contains_paid_content":false,"footnotes":"","jetpack_publicize_message":"","jetpack_publicize_feature_enabled":true,"jetpack_social_post_already_shared":true,"jetpack_social_options":{"image_generator_settings":{"template":"highway","enabled":false},"version":2}},"categories":[4,8],"tags":[],"class_list":{"0":"post-75380","1":"post","2":"type-post","3":"status-publish","4":"format-standard","5":"has-post-thumbnail","7":"category-actualidad","8":"category-institucionales"},"jetpack_publicize_connections":[],"jetpack_sharing_enabled":true,"jetpack_featured_media_url":"https:\/\/i0.wp.com\/www.masrojo.com.ar\/home\/wp-content\/uploads\/palco-insonorizado.jpg?fit=1235%2C680&ssl=1","jetpack_shortlink":"https:\/\/wp.me\/p90W9F-jBO","_links":{"self":[{"href":"https:\/\/www.masrojo.com.ar\/home\/wp-json\/wp\/v2\/posts\/75380"}],"collection":[{"href":"https:\/\/www.masrojo.com.ar\/home\/wp-json\/wp\/v2\/posts"}],"about":[{"href":"https:\/\/www.masrojo.com.ar\/home\/wp-json\/wp\/v2\/types\/post"}],"author":[{"embeddable":true,"href":"https:\/\/www.masrojo.com.ar\/home\/wp-json\/wp\/v2\/users\/6"}],"replies":[{"embeddable":true,"href":"https:\/\/www.masrojo.com.ar\/home\/wp-json\/wp\/v2\/comments?post=75380"}],"version-history":[{"count":1,"href":"https:\/\/www.masrojo.com.ar\/home\/wp-json\/wp\/v2\/posts\/75380\/revisions"}],"predecessor-version":[{"id":75382,"href":"https:\/\/www.masrojo.com.ar\/home\/wp-json\/wp\/v2\/posts\/75380\/revisions\/75382"}],"wp:featuredmedia":[{"embeddable":true,"href":"https:\/\/www.masrojo.com.ar\/home\/wp-json\/wp\/v2\/media\/75381"}],"wp:attachment":[{"href":"https:\/\/www.masrojo.com.ar\/home\/wp-json\/wp\/v2\/media?parent=75380"}],"wp:term":[{"taxonomy":"category","embeddable":true,"href":"https:\/\/www.masrojo.com.ar\/home\/wp-json\/wp\/v2\/categories?post=75380"},{"taxonomy":"post_tag","embeddable":true,"href":"https:\/\/www.masrojo.com.ar\/home\/wp-json\/wp\/v2\/tags?post=75380"}],"curies":[{"name":"wp","href":"https:\/\/api.w.org\/{rel}","templated":true}]}}