{"id":75383,"date":"2025-03-31T10:47:17","date_gmt":"2025-03-31T13:47:17","guid":{"rendered":"https:\/\/www.masrojo.com.ar\/home\/?p=75383"},"modified":"2025-03-31T10:47:17","modified_gmt":"2025-03-31T13:47:17","slug":"freire-hara-su-debut","status":"publish","type":"post","link":"https:\/\/www.masrojo.com.ar\/home\/2025\/03\/31\/freire-hara-su-debut\/","title":{"rendered":"FREIRE HAR\u00c1 SU DEBUT"},"content":{"rendered":"<p><span class=\"css-1jxf684 r-bcqeeo r-1ttztb7 r-qvutc0 r-poiln3\">Nicol\u00e1s Freire jugar\u00e1 sus primeros minutos con la camiseta de <\/span><span class=\"r-18u37iz\">Independiente<\/span><span class=\"css-1jxf684 r-bcqeeo r-1ttztb7 r-qvutc0 r-poiln3\">. Ser\u00e1 el mi\u00e9rcoles, en Villa Dominico, cuando la reserva enfrente a Instituto.<\/span><\/p>\n<p><span class=\"css-1jxf684 r-bcqeeo r-1ttztb7 r-qvutc0 r-poiln3\">recordamos que proviene de Pumas <\/span><span class=\"css-1jxf684 r-bcqeeo r-1ttztb7 r-qvutc0 r-poiln3\">\u00a0-con \u00faltimo paso por Inter Miami- y llega por un a\u00f1o, con opci\u00f3n de compra al finalizar el v\u00ednculo. <\/span><span class=\"r-18u37iz\">Independiente<\/span><span class=\"css-1jxf684 r-bcqeeo r-1ttztb7 r-qvutc0 r-poiln3\"> empieza a pagarle el sueldo desde julio.<\/span><\/p>\n<p>Freire recibi\u00f3 el alta m\u00e9dica el 18 de marzo y se entrena a la par de sus compa\u00f1eros.<\/p>\n","protected":false},"excerpt":{"rendered":"<div class=\"mh-excerpt\"><p>Nicol\u00e1s Freire jugar\u00e1 sus primeros minutos con la camiseta de Independiente. Ser\u00e1 el mi\u00e9rcoles, en Villa Dominico, cuando la reserva enfrente a Instituto. recordamos que proviene de Pumas \u00a0-con \u00faltimo paso por Inter Miami- y <a class=\"mh-excerpt-more\" href=\"https:\/\/www.masrojo.com.ar\/home\/2025\/03\/31\/freire-hara-su-debut\/\" title=\"FREIRE HAR\u00c1 SU DEBUT\">[&#8230;]<\/a><\/p>\n<\/div>","protected":false},"author":6,"featured_media":75384,"comment_status":"closed","ping_status":"closed","sticky":false,"template":"","format":"image","meta":{"_jetpack_memberships_contains_paid_content":false,"footnotes":"","jetpack_publicize_message":"","jetpack_publicize_feature_enabled":true,"jetpack_social_post_already_shared":true,"jetpack_social_options":{"image_generator_settings":{"template":"highway","enabled":false},"version":2}},"categories":[4],"tags":[],"class_list":{"0":"post-75383","1":"post","2":"type-post","3":"status-publish","4":"format-image","5":"has-post-thumbnail","7":"category-actualidad","8":"post_format-post-format-image"},"jetpack_publicize_connections":[],"jetpack_sharing_enabled":true,"jetpack_featured_media_url":"https:\/\/i0.wp.com\/www.masrojo.com.ar\/home\/wp-content\/uploads\/freire-2.jpg?fit=680%2C453&ssl=1","jetpack_shortlink":"https:\/\/wp.me\/p90W9F-jBR","_links":{"self":[{"href":"https:\/\/www.masrojo.com.ar\/home\/wp-json\/wp\/v2\/posts\/75383"}],"collection":[{"href":"https:\/\/www.masrojo.com.ar\/home\/wp-json\/wp\/v2\/posts"}],"about":[{"href":"https:\/\/www.masrojo.com.ar\/home\/wp-json\/wp\/v2\/types\/post"}],"author":[{"embeddable":true,"href":"https:\/\/www.masrojo.com.ar\/home\/wp-json\/wp\/v2\/users\/6"}],"replies":[{"embeddable":true,"href":"https:\/\/www.masrojo.com.ar\/home\/wp-json\/wp\/v2\/comments?post=75383"}],"version-history":[{"count":1,"href":"https:\/\/www.masrojo.com.ar\/home\/wp-json\/wp\/v2\/posts\/75383\/revisions"}],"predecessor-version":[{"id":75385,"href":"https:\/\/www.masrojo.com.ar\/home\/wp-json\/wp\/v2\/posts\/75383\/revisions\/75385"}],"wp:featuredmedia":[{"embeddable":true,"href":"https:\/\/www.masrojo.com.ar\/home\/wp-json\/wp\/v2\/media\/75384"}],"wp:attachment":[{"href":"https:\/\/www.masrojo.com.ar\/home\/wp-json\/wp\/v2\/media?parent=75383"}],"wp:term":[{"taxonomy":"category","embeddable":true,"href":"https:\/\/www.masrojo.com.ar\/home\/wp-json\/wp\/v2\/categories?post=75383"},{"taxonomy":"post_tag","embeddable":true,"href":"https:\/\/www.masrojo.com.ar\/home\/wp-json\/wp\/v2\/tags?post=75383"}],"curies":[{"name":"wp","href":"https:\/\/api.w.org\/{rel}","templated":true}]}}