{"id":75388,"date":"2025-03-31T16:10:40","date_gmt":"2025-03-31T19:10:40","guid":{"rendered":"https:\/\/www.masrojo.com.ar\/home\/?p=75388"},"modified":"2025-03-31T16:10:40","modified_gmt":"2025-03-31T19:10:40","slug":"la-lista-de-la-copa","status":"publish","type":"post","link":"https:\/\/www.masrojo.com.ar\/home\/2025\/03\/31\/la-lista-de-la-copa\/","title":{"rendered":"LA LISTA DE LA COPA"},"content":{"rendered":"<p><b>\u00a0Un d\u00eda antes del estreno, el\u00a0<i>\u00abRojo\u00bb<\/i>\u00a0dio a conocer la lista de buena de fe, con todos los nombres que podr\u00e1n disputar el torneo de ser necesario.<\/b><\/p>\n<p>&nbsp;<\/p>\n<p>Seg\u00fan el reglamento de la CONMEBOL, solo\u00a0<b>aquellos futbolistas que hayan sido anotados en tiempo y forma,<\/b>\u00a0con la documentaci\u00f3n correspondiente,\u00a0<b>podr\u00e1n jugar en el certamen<\/b>. En este caso, Independiente\u00a0<b>seleccion\u00f3 a 48 jugadores<\/b>, entre los que se pueden distinguir jugadores de Primera y de la Reserva. A continuaci\u00f3n, la lista completa:<\/p>\n<p><b>Arqueros<\/b>: Joaqu\u00edn Bl\u00e1zquez, Mateo Morro, Manuel Tasso, Rodrigo Rey y \u00c1lvaro Banquero.<\/p>\n<p><b>Defensores<\/b>: Adri\u00e1n Sp\u00f6rle, Federico Vera, Nicol\u00e1s Freire, Kevin Lom\u00f3naco, Gonzalo Bord\u00f3n, Franco Paredes, Santiago Salle, Sebasti\u00e1n Valdez, Jonathan de Irastorza, Bautista Gonz\u00e1lez, Fernando Closter, Agust\u00edn Lara, Sim\u00f3n Pinto, Luciano Barros Ayala, Maximiliano Duarte y \u00c1lvaro Angulo.<\/p>\n<p><b>Mediocampistas<\/b>: Felipe Loyola, Pablo Galdames, Luciano Cabral, Federico Mancuello, Lautaro Mill\u00e1n, Rodrigo Fern\u00e1ndez Cedr\u00e9s, David Mart\u00ednez, Iv\u00e1n Marcone, Tom\u00e1s Parmo, Mateo P\u00e9rez Curci, Tiago Franco, Sim\u00f3n Bodnar y Mirko D\u00edaz.<\/p>\n<p><b>Delanteros:\u00a0<\/b>Santiago Montiel, Gabriel \u00c1valos, Santiago Hidalgo, Ignacio Maestro Puch, Lucas Rom\u00e1n, Braian Mart\u00ednez, Diego Tarzia, Enzo Taborda, Matias Gim\u00e9nez Rojas, Joel Medina, Thiago \u00c1lvez, Alan Laprida, Nahuel Junco y Santino Viollaz.<\/p>\n<p><img decoding=\"async\" src=\"https:\/\/pbs.twimg.com\/media\/GnYdUy9XkAETHsI?format=jpg&amp;name=4096x4096\" alt=\"Imagen\" \/><\/p>\n<p><img decoding=\"async\" src=\"https:\/\/pbs.twimg.com\/media\/GnYdU0LXkAAWMrn?format=jpg&amp;name=4096x4096\" alt=\"Imagen\" \/><\/p>\n<p><img decoding=\"async\" src=\"https:\/\/pbs.twimg.com\/media\/GnYdU0hWgAAj0Ai?format=jpg&amp;name=4096x4096\" alt=\"Imagen\" \/><\/p>\n","protected":false},"excerpt":{"rendered":"<div class=\"mh-excerpt\"><p>\u00a0Un d\u00eda antes del estreno, el\u00a0\u00abRojo\u00bb\u00a0dio a conocer la lista de buena de fe, con todos los nombres que podr\u00e1n disputar el torneo de ser necesario. &nbsp; Seg\u00fan el reglamento de la CONMEBOL, solo\u00a0aquellos futbolistas <a class=\"mh-excerpt-more\" href=\"https:\/\/www.masrojo.com.ar\/home\/2025\/03\/31\/la-lista-de-la-copa\/\" title=\"LA LISTA DE LA COPA\">[&#8230;]<\/a><\/p>\n<\/div>","protected":false},"author":6,"featured_media":44208,"comment_status":"closed","ping_status":"closed","sticky":false,"template":"","format":"gallery","meta":{"_jetpack_memberships_contains_paid_content":false,"footnotes":"","jetpack_publicize_message":"","jetpack_publicize_feature_enabled":true,"jetpack_social_post_already_shared":true,"jetpack_social_options":{"image_generator_settings":{"template":"highway","enabled":false},"version":2}},"categories":[4],"tags":[],"class_list":{"0":"post-75388","1":"post","2":"type-post","3":"status-publish","4":"format-gallery","5":"has-post-thumbnail","7":"category-actualidad","8":"post_format-post-format-gallery"},"jetpack_publicize_connections":[],"jetpack_sharing_enabled":true,"jetpack_featured_media_url":"https:\/\/i0.wp.com\/www.masrojo.com.ar\/home\/wp-content\/uploads\/COPASUD.jpg?fit=580%2C326&ssl=1","jetpack_shortlink":"https:\/\/wp.me\/p90W9F-jBW","_links":{"self":[{"href":"https:\/\/www.masrojo.com.ar\/home\/wp-json\/wp\/v2\/posts\/75388"}],"collection":[{"href":"https:\/\/www.masrojo.com.ar\/home\/wp-json\/wp\/v2\/posts"}],"about":[{"href":"https:\/\/www.masrojo.com.ar\/home\/wp-json\/wp\/v2\/types\/post"}],"author":[{"embeddable":true,"href":"https:\/\/www.masrojo.com.ar\/home\/wp-json\/wp\/v2\/users\/6"}],"replies":[{"embeddable":true,"href":"https:\/\/www.masrojo.com.ar\/home\/wp-json\/wp\/v2\/comments?post=75388"}],"version-history":[{"count":1,"href":"https:\/\/www.masrojo.com.ar\/home\/wp-json\/wp\/v2\/posts\/75388\/revisions"}],"predecessor-version":[{"id":75389,"href":"https:\/\/www.masrojo.com.ar\/home\/wp-json\/wp\/v2\/posts\/75388\/revisions\/75389"}],"wp:featuredmedia":[{"embeddable":true,"href":"https:\/\/www.masrojo.com.ar\/home\/wp-json\/wp\/v2\/media\/44208"}],"wp:attachment":[{"href":"https:\/\/www.masrojo.com.ar\/home\/wp-json\/wp\/v2\/media?parent=75388"}],"wp:term":[{"taxonomy":"category","embeddable":true,"href":"https:\/\/www.masrojo.com.ar\/home\/wp-json\/wp\/v2\/categories?post=75388"},{"taxonomy":"post_tag","embeddable":true,"href":"https:\/\/www.masrojo.com.ar\/home\/wp-json\/wp\/v2\/tags?post=75388"}],"curies":[{"name":"wp","href":"https:\/\/api.w.org\/{rel}","templated":true}]}}