{"id":75390,"date":"2025-04-01T08:26:44","date_gmt":"2025-04-01T11:26:44","guid":{"rendered":"https:\/\/www.masrojo.com.ar\/home\/?p=75390"},"modified":"2025-04-01T13:15:07","modified_gmt":"2025-04-01T16:15:07","slug":"la-travesia-hacia-potosi","status":"publish","type":"post","link":"https:\/\/www.masrojo.com.ar\/home\/2025\/04\/01\/la-travesia-hacia-potosi\/","title":{"rendered":"La traves\u00eda hacia Potos\u00ed"},"content":{"rendered":"<p>Independiente se enfrentar\u00e1 ante Nacional de Potos\u00ed hoy, martes, a las 19hs en el Estadio Victor Agust\u00edn Ugarte en Potos\u00ed, Bolivia. El Rojo viene con un gran envi\u00f3n por la Liga Profesional luego de golear por 4 a 0 a Godoy Cruz y tendr\u00e1 su regreso a las copas internacionales.<\/p>\n<p>Nacional de Potos\u00ed es un equipo boliviano que juega la primera divisi\u00f3n de dicho pa\u00eds. La liga acaba de comenzar y el rival del Rojo debut\u00f3 con una derrota ante Always Ready por la m\u00ednima. A su vez, para ingresar a la Copa Sudamericana, el conjunto boliviano debi\u00f3 jugar las fase preliminares y se gan\u00f3 el puesto \u00a0tras eliminar a Universitario de Vinto con una victoria por 1-0 como visitante.<\/p>\n<p><span style=\"font-size: 14pt;\"><strong>Viaje hasta Potos\u00ed<\/strong><\/span><\/p>\n<p>La delegaci\u00f3n del elenco de Avellaneda sali\u00f3 desde Ezeiza en la tarde del lunes hacia Sucre en vuelo charter, pasaron la noche en la capital boliviana y en la ma\u00f1ana del martes, mismo d\u00eda del partido, realizar\u00e1n los \u00faltimos 150 kil\u00f3metros que separan a Sucre de Villa Imperial De Potos\u00ed, divididos en grupos y en distintas camionetas 4&#215;4 dada la dificultad del recorrido.<\/p>\n<p><strong><span style=\"font-size: 14pt;\">Once probable<\/span><\/strong><\/p>\n<p>El posible once de Independiente<br \/>\nRodrigo Rey; Federico Vera o Rodrigo Fern\u00e1ndez Cedr\u00e9s, Kevin Lom\u00f3naco, Sebasti\u00e1n Valdez, \u00c1lvaro Angulo; Felipe Loyola, Iv\u00e1n Marcone, Rodrigo Fern\u00e1ndez Cedr\u00e9s o Luciano Cabral; Santiago Montiel, Gabriel \u00c1valos y Diego Tarzia. DT: Julio Vaccari.<\/p>\n<p>La probable formaci\u00f3n de Nacional Potos\u00ed<br \/>\nSaidt Mustaf\u00e1; \u00d3scar Baldomar, Leonardo Montenegro, Santiago Echeverr\u00eda, Sa\u00fal Torres; Hugo Rojas, Diego Hoyos, Saulo Guerra, Andr\u00e9s Torrico; V\u00edctor \u00c1brego y Mart\u00edn Prost. DT: Miguel Zahz\u00fa.<\/p>\n<p><span style=\"font-size: 14pt;\"><strong>D\u00f3nde ver en vivo y datos del partido<\/strong><\/span><\/p>\n<ul>\n<li>TV: ESPN<\/li>\n<li>\u00c1rbitro: Edina Alves (BRA)<\/li>\n<li>VAR: Daiane Muniz (BRA)<\/li>\n<\/ul>\n","protected":false},"excerpt":{"rendered":"<div class=\"mh-excerpt\"><p>Independiente se enfrentar\u00e1 ante Nacional de Potos\u00ed hoy, martes, a las 19hs en el Estadio Victor Agust\u00edn Ugarte en Potos\u00ed, Bolivia. El Rojo viene con un gran envi\u00f3n por la Liga Profesional luego de golear <a class=\"mh-excerpt-more\" href=\"https:\/\/www.masrojo.com.ar\/home\/2025\/04\/01\/la-travesia-hacia-potosi\/\" title=\"La traves\u00eda hacia Potos\u00ed\">[&#8230;]<\/a><\/p>\n<\/div>","protected":false},"author":6,"featured_media":75391,"comment_status":"closed","ping_status":"closed","sticky":false,"template":"","format":"standard","meta":{"_jetpack_memberships_contains_paid_content":false,"footnotes":"","jetpack_publicize_message":"","jetpack_publicize_feature_enabled":true,"jetpack_social_post_already_shared":true,"jetpack_social_options":{"image_generator_settings":{"template":"highway","enabled":false},"version":2}},"categories":[4],"tags":[],"class_list":{"0":"post-75390","1":"post","2":"type-post","3":"status-publish","4":"format-standard","5":"has-post-thumbnail","7":"category-actualidad"},"jetpack_publicize_connections":[],"jetpack_sharing_enabled":true,"jetpack_featured_media_url":"https:\/\/i0.wp.com\/www.masrojo.com.ar\/home\/wp-content\/uploads\/GnQVrqAXcAApFoE.jpg?fit=2048%2C1365&ssl=1","jetpack_shortlink":"https:\/\/wp.me\/p90W9F-jBY","_links":{"self":[{"href":"https:\/\/www.masrojo.com.ar\/home\/wp-json\/wp\/v2\/posts\/75390"}],"collection":[{"href":"https:\/\/www.masrojo.com.ar\/home\/wp-json\/wp\/v2\/posts"}],"about":[{"href":"https:\/\/www.masrojo.com.ar\/home\/wp-json\/wp\/v2\/types\/post"}],"author":[{"embeddable":true,"href":"https:\/\/www.masrojo.com.ar\/home\/wp-json\/wp\/v2\/users\/6"}],"replies":[{"embeddable":true,"href":"https:\/\/www.masrojo.com.ar\/home\/wp-json\/wp\/v2\/comments?post=75390"}],"version-history":[{"count":1,"href":"https:\/\/www.masrojo.com.ar\/home\/wp-json\/wp\/v2\/posts\/75390\/revisions"}],"predecessor-version":[{"id":75392,"href":"https:\/\/www.masrojo.com.ar\/home\/wp-json\/wp\/v2\/posts\/75390\/revisions\/75392"}],"wp:featuredmedia":[{"embeddable":true,"href":"https:\/\/www.masrojo.com.ar\/home\/wp-json\/wp\/v2\/media\/75391"}],"wp:attachment":[{"href":"https:\/\/www.masrojo.com.ar\/home\/wp-json\/wp\/v2\/media?parent=75390"}],"wp:term":[{"taxonomy":"category","embeddable":true,"href":"https:\/\/www.masrojo.com.ar\/home\/wp-json\/wp\/v2\/categories?post=75390"},{"taxonomy":"post_tag","embeddable":true,"href":"https:\/\/www.masrojo.com.ar\/home\/wp-json\/wp\/v2\/tags?post=75390"}],"curies":[{"name":"wp","href":"https:\/\/api.w.org\/{rel}","templated":true}]}}