{"id":75397,"date":"2025-04-02T23:05:06","date_gmt":"2025-04-03T02:05:06","guid":{"rendered":"https:\/\/www.masrojo.com.ar\/home\/?p=75397"},"modified":"2025-04-02T23:05:06","modified_gmt":"2025-04-03T02:05:06","slug":"caida-en-la-altura","status":"publish","type":"post","link":"https:\/\/www.masrojo.com.ar\/home\/2025\/04\/02\/caida-en-la-altura\/","title":{"rendered":"CA\u00cdDA EN LA ALTURA"},"content":{"rendered":"<div class=\"section-2-col article-header\">\n<div class=\"col 2-col\">\n<h2 class=\"h3 ff-20px-w400\">Bajo una lluvia intensa, el equipo de Vaccari debi\u00f3 lidiar adem\u00e1s con los 3880 metros sobre el nivel del mar ante un anfitri\u00f3n que gan\u00f3 sin haber sido mucho m\u00e1s por los goles de Abrego y\u00a0Diellos.<\/h2>\n<div class=\"author\">\n<div class=\"author-inner\">\n<p>Independiente baj\u00f3 de la altura boliviana sin poder llevarse nada.\u00a0<b>En su estreno este martes en la Copa Sudamericana, Nacional Potos\u00ed lo derrot\u00f3 por 2 a 0 en un partido jugado a 3880 metros sobre el nivel del mar y bajo una lluvia intensa.<\/b>\u00a0<b>V\u00edctor Abrego<\/b>\u00a0y el argentino<b>\u00a0Diego Diellos<\/b>\u00a0de cabeza, en el segundo tiempo, anotaron los goles del equipo local. El equipo de Julio Vaccari trat\u00f3 de sobreponerse a las dificultades del clima, pero no lo consigui\u00f3. Luch\u00f3 mucho m\u00e1s de lo que pudo jugar y no le fue bien.<\/p>\n<p>El Rojo empez\u00f3 afirm\u00e1ndose del medio hacia atr\u00e1s con un esquema 4-1-4-1 que retuvo los laterales (Loyola y Angulo pasaron poco al ataque) y en el que<b>\u00a0todo se hizo con dos marchas menos. La idea fue asegurar la pelota y consumir poco ox\u00edgeno para que la altura castigara lo menos posible<\/b>. Pero falt\u00f3 todo lo otro: le lleg\u00f3 poco y nada de juego a\u00a0<b>Maestro Puch\u00a0<\/b>(que entr\u00f3 desde el comienzo por el goleador Avalos).\u00a0<b>Cabral<\/b>\u00a0funcion\u00f3 con intermitencia y, por los costados,\u00a0<b>Montiel\u00a0<\/b>e\u00a0<b>Hidalgo\u00a0<\/b>(y luego\u00a0<b>Galdames<\/b>) corrieron m\u00e1s hacia atr\u00e1s que hacia adelante.<\/p>\n<div id=\"ad-slot-video_inread\" class=\"ad-slot-video_inread ad-slot\" data-adtype=\"video_inread\" data-google-query-id=\"CILc5LziuowDFXQ5uQYdUvgtyQ\">\n<p>Los bolivianos manejaron m\u00e1s el bal\u00f3n, aunque s\u00f3lo inquietaron con algunos tiros desde afuera y la habilidad por la derecha del extremo Rojas. Tampoco fabricaron situaciones y entonces\u00a0<b>el primer tiempo tuvo un vuelo bajo.<\/b>\u00a0Pero en el segundo desapareci\u00f3 la modorra.<\/p>\n<div class=\"slot-available\">\n<p>Al minuto, el arquero\u00a0<b>Mustaf\u00e1<\/b>\u00a0dio un rebote largu\u00edsimo tras un tiro libre de\u00a0<b>Montiel\u00a0<\/b>y el remate de\u00a0<b>Loyola\u00a0<\/b>se estrell\u00f3 en el travesa\u00f1o. Y a los 11,\u00a0<b>Rojas<\/b>\u00a0quebr\u00f3 el achique de la defensa roja y su remate por encima de Rey se fue al lado del palo derecho. Entraron\u00a0<b>Mancuello<\/b>\u00a0y\u00a0<b>Avalos\u00a0<\/b>por\u00a0<b>Cabral\u00a0<\/b>y\u00a0<b>Maestro Puch\u00a0<\/b>para renovar energ\u00edas.\u00a0<b>Pero a los veinte minutos, un pelotazo cay\u00f3 en el \u00e1rea roja, Rey se qued\u00f3 corto en la salida y Abrego marc\u00f3 el 1 a 0.\u00a0<\/b><\/p>\n<p>El Rojo busc\u00f3 el empate de todas maneras, pero sin luces.\u00a0<b>Los bolivianos esperaron su oportunidad, definieron con un cabezazo de Diellos tras un desborde de Palacio por la izquierda\u00a0<\/b>y ganaron sin haber sido mucho m\u00e1s. Pero la altura y la lluvia fueron demasiado para Independiente.<\/p>\n<\/div>\n<\/div>\n<\/div>\n<\/div>\n<\/div>\n<\/div>\n<div class=\"section-2-col article-main-image\">\n<div class=\"col 1-col hide-on-mobile\">\n<div class=\"article-info \"><\/div>\n<\/div>\n<\/div>\n","protected":false},"excerpt":{"rendered":"<div class=\"mh-excerpt\"><p>Bajo una lluvia intensa, el equipo de Vaccari debi\u00f3 lidiar adem\u00e1s con los 3880 metros sobre el nivel del mar ante un anfitri\u00f3n que gan\u00f3 sin haber sido mucho m\u00e1s por los goles de Abrego <a class=\"mh-excerpt-more\" href=\"https:\/\/www.masrojo.com.ar\/home\/2025\/04\/02\/caida-en-la-altura\/\" title=\"CA\u00cdDA EN LA ALTURA\">[&#8230;]<\/a><\/p>\n<\/div>","protected":false},"author":6,"featured_media":75398,"comment_status":"closed","ping_status":"closed","sticky":false,"template":"","format":"standard","meta":{"_jetpack_memberships_contains_paid_content":false,"footnotes":"","jetpack_publicize_message":"","jetpack_publicize_feature_enabled":true,"jetpack_social_post_already_shared":true,"jetpack_social_options":{"image_generator_settings":{"template":"highway","enabled":false},"version":2}},"categories":[4],"tags":[],"class_list":{"0":"post-75397","1":"post","2":"type-post","3":"status-publish","4":"format-standard","5":"has-post-thumbnail","7":"category-actualidad"},"jetpack_publicize_connections":[],"jetpack_sharing_enabled":true,"jetpack_featured_media_url":"https:\/\/i0.wp.com\/www.masrojo.com.ar\/home\/wp-content\/uploads\/925791-30a-20efe.jpg?fit=700%2C467&ssl=1","jetpack_shortlink":"https:\/\/wp.me\/p90W9F-jC5","_links":{"self":[{"href":"https:\/\/www.masrojo.com.ar\/home\/wp-json\/wp\/v2\/posts\/75397"}],"collection":[{"href":"https:\/\/www.masrojo.com.ar\/home\/wp-json\/wp\/v2\/posts"}],"about":[{"href":"https:\/\/www.masrojo.com.ar\/home\/wp-json\/wp\/v2\/types\/post"}],"author":[{"embeddable":true,"href":"https:\/\/www.masrojo.com.ar\/home\/wp-json\/wp\/v2\/users\/6"}],"replies":[{"embeddable":true,"href":"https:\/\/www.masrojo.com.ar\/home\/wp-json\/wp\/v2\/comments?post=75397"}],"version-history":[{"count":1,"href":"https:\/\/www.masrojo.com.ar\/home\/wp-json\/wp\/v2\/posts\/75397\/revisions"}],"predecessor-version":[{"id":75399,"href":"https:\/\/www.masrojo.com.ar\/home\/wp-json\/wp\/v2\/posts\/75397\/revisions\/75399"}],"wp:featuredmedia":[{"embeddable":true,"href":"https:\/\/www.masrojo.com.ar\/home\/wp-json\/wp\/v2\/media\/75398"}],"wp:attachment":[{"href":"https:\/\/www.masrojo.com.ar\/home\/wp-json\/wp\/v2\/media?parent=75397"}],"wp:term":[{"taxonomy":"category","embeddable":true,"href":"https:\/\/www.masrojo.com.ar\/home\/wp-json\/wp\/v2\/categories?post=75397"},{"taxonomy":"post_tag","embeddable":true,"href":"https:\/\/www.masrojo.com.ar\/home\/wp-json\/wp\/v2\/tags?post=75397"}],"curies":[{"name":"wp","href":"https:\/\/api.w.org\/{rel}","templated":true}]}}