{"id":75400,"date":"2025-04-02T23:07:37","date_gmt":"2025-04-03T02:07:37","guid":{"rendered":"https:\/\/www.masrojo.com.ar\/home\/?p=75400"},"modified":"2025-04-02T23:07:37","modified_gmt":"2025-04-03T02:07:37","slug":"vaccari-valoro-la-entrega-del-equipo","status":"publish","type":"post","link":"https:\/\/www.masrojo.com.ar\/home\/2025\/04\/02\/vaccari-valoro-la-entrega-del-equipo\/","title":{"rendered":"VACCARI VALOR\u00d3 LA ENTREGA DEL EQUIPO"},"content":{"rendered":"<p>El an\u00e1lisis de Vaccari<br \/>\nConcretada la ca\u00edda en Bolivia, Julio Vaccari habl\u00f3 con los medios. Estas fueron sus sensaciones: \u201cPor ah\u00ed la pelota m\u00e1s larga pica, y ac\u00e1 se va. Pero no me preocupa cuando el equipo juega como hoy\u201d.<\/p>\n<p>Mientras que dem\u00e1s agreg\u00f3 lo siguiente: \u201cMe gusta que el equipo proponga, vaya al frente. Me llena de orgullo que los futbolistas jueguen de esa manera\u201d.<\/p>\n<p>Por otro lado Gabriel \u00c1valos complement\u00f3 a trav\u00e9s de estas sensaciones: \u201cSi bien hemos hecho un esfuerzo extremo, cost\u00f3 much\u00edsimo, cost\u00f3 bastante. Se sabe lo que es jugar ac\u00e1. El equipo lo sinti\u00f3. Si bien una gran parte del partido se pudo aguantar, despu\u00e9s sucedieron cosas. Nos vamos tristes, pero con la cabeza en que podemos darlo vuelta all\u00e1\u201d.<\/p>\n<p>Finalmente cerr\u00f3 con estas palabras: \u201cEl equipo dio todo lo que pudo. En la cancha, hac\u00edas un pique y era dif\u00edcil recuperarlo r\u00e1pido. El equipo lo sinti\u00f3. Pudimos mantener la pelota por momentos pero nos vamos con una derrota que duele. Hay que dar vuelta la p\u00e1gina. Terminamos bastante desgastados. Es un clima bastante complicado con lo que es la altura, justo llovi\u00f3, el fr\u00edo\u2026 Se sumaron varias cosas. Confiamos en nosotros\u201d.<\/p>\n<blockquote class=\"twitter-tweet\" data-media-max-width=\"560\">\n<p lang=\"es\" dir=\"ltr\">&quot;ME GUSTA QUE EL EQUIPO VAYA AL FRENTE.&quot; Julio Vaccari fue elogioso de su plantel a pesar de la derrota de Independiente contra Nacional de Potos\u00ed.<\/p>\n<p>&#x1f4fa; <a href=\"https:\/\/twitter.com\/hashtag\/SCNight?src=hash&amp;ref_src=twsrc%5Etfw\">#SCNight<\/a> | <a href=\"https:\/\/twitter.com\/hashtag\/DisneyPlus?src=hash&amp;ref_src=twsrc%5Etfw\">#DisneyPlus<\/a> <a href=\"https:\/\/t.co\/XJcwZc00qr\">pic.twitter.com\/XJcwZc00qr<\/a><\/p>\n<p>&mdash; SportsCenter (@SC_ESPN) <a href=\"https:\/\/twitter.com\/SC_ESPN\/status\/1907231136234823927?ref_src=twsrc%5Etfw\">April 2, 2025<\/a><\/p><\/blockquote>\n<p> <script async src=\"https:\/\/platform.twitter.com\/widgets.js\" charset=\"utf-8\"><\/script><\/p>\n","protected":false},"excerpt":{"rendered":"<div class=\"mh-excerpt\"><p>El an\u00e1lisis de Vaccari Concretada la ca\u00edda en Bolivia, Julio Vaccari habl\u00f3 con los medios. Estas fueron sus sensaciones: \u201cPor ah\u00ed la pelota m\u00e1s larga pica, y ac\u00e1 se va. Pero no me preocupa cuando <a class=\"mh-excerpt-more\" href=\"https:\/\/www.masrojo.com.ar\/home\/2025\/04\/02\/vaccari-valoro-la-entrega-del-equipo\/\" title=\"VACCARI VALOR\u00d3 LA ENTREGA DEL EQUIPO\">[&#8230;]<\/a><\/p>\n<\/div>","protected":false},"author":6,"featured_media":75285,"comment_status":"closed","ping_status":"closed","sticky":false,"template":"","format":"image","meta":{"_jetpack_memberships_contains_paid_content":false,"footnotes":"","jetpack_publicize_message":"","jetpack_publicize_feature_enabled":true,"jetpack_social_post_already_shared":true,"jetpack_social_options":{"image_generator_settings":{"template":"highway","enabled":false},"version":2}},"categories":[4],"tags":[],"class_list":{"0":"post-75400","1":"post","2":"type-post","3":"status-publish","4":"format-image","5":"has-post-thumbnail","7":"category-actualidad","8":"post_format-post-format-image"},"jetpack_publicize_connections":[],"jetpack_sharing_enabled":true,"jetpack_featured_media_url":"https:\/\/i0.wp.com\/www.masrojo.com.ar\/home\/wp-content\/uploads\/vaccari-banfield.jpg?fit=523%2C327&ssl=1","jetpack_shortlink":"https:\/\/wp.me\/p90W9F-jC8","_links":{"self":[{"href":"https:\/\/www.masrojo.com.ar\/home\/wp-json\/wp\/v2\/posts\/75400"}],"collection":[{"href":"https:\/\/www.masrojo.com.ar\/home\/wp-json\/wp\/v2\/posts"}],"about":[{"href":"https:\/\/www.masrojo.com.ar\/home\/wp-json\/wp\/v2\/types\/post"}],"author":[{"embeddable":true,"href":"https:\/\/www.masrojo.com.ar\/home\/wp-json\/wp\/v2\/users\/6"}],"replies":[{"embeddable":true,"href":"https:\/\/www.masrojo.com.ar\/home\/wp-json\/wp\/v2\/comments?post=75400"}],"version-history":[{"count":1,"href":"https:\/\/www.masrojo.com.ar\/home\/wp-json\/wp\/v2\/posts\/75400\/revisions"}],"predecessor-version":[{"id":75401,"href":"https:\/\/www.masrojo.com.ar\/home\/wp-json\/wp\/v2\/posts\/75400\/revisions\/75401"}],"wp:featuredmedia":[{"embeddable":true,"href":"https:\/\/www.masrojo.com.ar\/home\/wp-json\/wp\/v2\/media\/75285"}],"wp:attachment":[{"href":"https:\/\/www.masrojo.com.ar\/home\/wp-json\/wp\/v2\/media?parent=75400"}],"wp:term":[{"taxonomy":"category","embeddable":true,"href":"https:\/\/www.masrojo.com.ar\/home\/wp-json\/wp\/v2\/categories?post=75400"},{"taxonomy":"post_tag","embeddable":true,"href":"https:\/\/www.masrojo.com.ar\/home\/wp-json\/wp\/v2\/tags?post=75400"}],"curies":[{"name":"wp","href":"https:\/\/api.w.org\/{rel}","templated":true}]}}