{"id":75418,"date":"2025-04-07T14:15:10","date_gmt":"2025-04-07T17:15:10","guid":{"rendered":"https:\/\/www.masrojo.com.ar\/home\/?p=75418"},"modified":"2025-04-07T14:15:10","modified_gmt":"2025-04-07T17:15:10","slug":"vaccari-nos-falto-claridad-pero-tuvimos-actitud","status":"publish","type":"post","link":"https:\/\/www.masrojo.com.ar\/home\/2025\/04\/07\/vaccari-nos-falto-claridad-pero-tuvimos-actitud\/","title":{"rendered":"VACCARI : \u00abNos falt\u00f3 claridad, pero tuvimos actitud\u00bb"},"content":{"rendered":"<p>El entrenador del Rojo habl\u00f3 en conferencia de prensa tras igualar 1-1 con el Granate en la Fortaleza por la fecha 12 del Apertura 2025, resultado que le permite seguir en la cima de la Zona B aunque en igualdad de puntos con Rosario Central.<\/p>\n<div class=\"containerGrid\">\n<div class=\"col6 author\">\n<p>Tras el encuentro en la Fortaleza\u00a0<b>habl\u00f3 Julio Vaccari y destac\u00f3 la manera en la que su equipo afront\u00f3 el duelo luego del duro inicio a la semana\u00a0<\/b>con una\u00a0derrota ante Nacional Potos\u00ed en el estreno en la Copa Sudamericana\u00a0en la altura de Bolivia.<\/p>\n<p><i>\u00abTenemos muchos compromisos y en esta instituci\u00f3n todos son importantes.\u00a0<b>Me deja mucha tranquilidad lo que hicieron estos chicos<\/b>. Todos los futbolistas est\u00e1n a la altura y encajan en lo colectivo. Van a buscar el resultado siempre, a pesar del cansancio\u00bb<\/i>, inici\u00f3 el DT.<\/p>\n<p>Respecto al tr\u00e1mite del encuentro, el ex-Defensa y Justicia resalt\u00f3 lo hecho en la etapa inicial y la manera de afrontar el desaf\u00edo tras la ca\u00edda en el plano internacional y el\u00a0cansancio que el inusual viaje provoc\u00f3:\u00a0<i>\u201c<b>Me gust\u00f3 m\u00e1s el primer tiempo<\/b>. Cuando nos cansamos, rescato la actitud para ir a buscar el resultado.\u00a0<b>Nos falt\u00f3 claridad, pero tuvimos actitud\u201d<\/b>\u00ab.<\/i><\/p>\n<p><i>\u201c<b>Tuvimos un viaje complejo y at\u00edpico que esperemos que no vuelva a suceder. La altura, no pudimos descansar al d\u00eda siguiente y acomodarnos post altura<\/b>\u201d<\/i>, explic\u00f3.<\/p>\n<div id=\"video-genoa-829215\" class=\"videoPlayer genoa-async\" data-contentid=\"1748409\" data-share=\"https:\/\/www.tycsports.com\/independiente\/julio-vaccari-independiente-conferencia-de-prensa-lanus-apertura-2025--id647231.html\" data-playlist-related=\"true\" data-playlist=\"1748435,1748435,1748433,1748433,1748433\" data-kiosked-context-name=\"kskdUIContext_01jr8ks7pfrhk1syq19mxhr8j9\"><\/div>\n<div class=\"alsoReadContainer\"><\/div>\n<\/div>\n<\/div>\n<p><iframe loading=\"lazy\" width=\"560\" height=\"315\" src=\"https:\/\/www.youtube.com\/embed\/FgAzXobGt6U?si=GJajWsUNpXKtOnPo\" title=\"YouTube video player\" frameborder=\"0\" allow=\"accelerometer; autoplay; clipboard-write; encrypted-media; gyroscope; picture-in-picture; web-share\" referrerpolicy=\"strict-origin-when-cross-origin\" allowfullscreen><\/iframe><\/p>\n","protected":false},"excerpt":{"rendered":"<div class=\"mh-excerpt\"><p>El entrenador del Rojo habl\u00f3 en conferencia de prensa tras igualar 1-1 con el Granate en la Fortaleza por la fecha 12 del Apertura 2025, resultado que le permite seguir en la cima de la <a class=\"mh-excerpt-more\" href=\"https:\/\/www.masrojo.com.ar\/home\/2025\/04\/07\/vaccari-nos-falto-claridad-pero-tuvimos-actitud\/\" title=\"VACCARI : \u00abNos falt\u00f3 claridad, pero tuvimos actitud\u00bb\">[&#8230;]<\/a><\/p>\n<\/div>","protected":false},"author":6,"featured_media":75315,"comment_status":"closed","ping_status":"closed","sticky":false,"template":"","format":"video","meta":{"_jetpack_memberships_contains_paid_content":false,"footnotes":"","jetpack_publicize_message":"","jetpack_publicize_feature_enabled":true,"jetpack_social_post_already_shared":true,"jetpack_social_options":{"image_generator_settings":{"template":"highway","enabled":false},"version":2}},"categories":[4],"tags":[],"class_list":{"0":"post-75418","1":"post","2":"type-post","3":"status-publish","4":"format-video","5":"has-post-thumbnail","7":"category-actualidad","8":"post_format-post-format-video"},"jetpack_publicize_connections":[],"jetpack_sharing_enabled":true,"jetpack_featured_media_url":"https:\/\/i0.wp.com\/www.masrojo.com.ar\/home\/wp-content\/uploads\/vaccari-post-sanlote.jpg?fit=342%2C228&ssl=1","jetpack_shortlink":"https:\/\/wp.me\/p90W9F-jCq","_links":{"self":[{"href":"https:\/\/www.masrojo.com.ar\/home\/wp-json\/wp\/v2\/posts\/75418"}],"collection":[{"href":"https:\/\/www.masrojo.com.ar\/home\/wp-json\/wp\/v2\/posts"}],"about":[{"href":"https:\/\/www.masrojo.com.ar\/home\/wp-json\/wp\/v2\/types\/post"}],"author":[{"embeddable":true,"href":"https:\/\/www.masrojo.com.ar\/home\/wp-json\/wp\/v2\/users\/6"}],"replies":[{"embeddable":true,"href":"https:\/\/www.masrojo.com.ar\/home\/wp-json\/wp\/v2\/comments?post=75418"}],"version-history":[{"count":1,"href":"https:\/\/www.masrojo.com.ar\/home\/wp-json\/wp\/v2\/posts\/75418\/revisions"}],"predecessor-version":[{"id":75419,"href":"https:\/\/www.masrojo.com.ar\/home\/wp-json\/wp\/v2\/posts\/75418\/revisions\/75419"}],"wp:featuredmedia":[{"embeddable":true,"href":"https:\/\/www.masrojo.com.ar\/home\/wp-json\/wp\/v2\/media\/75315"}],"wp:attachment":[{"href":"https:\/\/www.masrojo.com.ar\/home\/wp-json\/wp\/v2\/media?parent=75418"}],"wp:term":[{"taxonomy":"category","embeddable":true,"href":"https:\/\/www.masrojo.com.ar\/home\/wp-json\/wp\/v2\/categories?post=75418"},{"taxonomy":"post_tag","embeddable":true,"href":"https:\/\/www.masrojo.com.ar\/home\/wp-json\/wp\/v2\/tags?post=75418"}],"curies":[{"name":"wp","href":"https:\/\/api.w.org\/{rel}","templated":true}]}}