{"id":75460,"date":"2025-04-15T10:53:49","date_gmt":"2025-04-15T13:53:49","guid":{"rendered":"https:\/\/www.masrojo.com.ar\/home\/?p=75460"},"modified":"2025-04-15T10:53:49","modified_gmt":"2025-04-15T13:53:49","slug":"sin-descanso-a-pesar-de-la-victoria","status":"publish","type":"post","link":"https:\/\/www.masrojo.com.ar\/home\/2025\/04\/15\/sin-descanso-a-pesar-de-la-victoria\/","title":{"rendered":"Sin descanso a pesar de la victoria"},"content":{"rendered":"<p>Independiente se encuentra puntero de la Zona B del Torneo Apertura luego de ganarle dos a cero a San Mart\u00edn de San Juan el d\u00eda domingo en el Esadio Libertadores de Am\u00e9rica &#8211; Ricardo Enrique Bochini.<\/p>\n<p>A\u00fan en la victoria el Rojo no se dio el lujo de un d\u00eda libre y tuvo un entrenamiento con la mira puesta en la visita de riesgo ante el necesitado Atl\u00e9tico Tucum\u00e1n, que cay\u00f3 a manos de San Lorenzo y que perdi\u00f3 en cinco de sus \u00faltimas seis presentaciones.<\/p>\n<p>Lo m\u00e1s saliente del Predio de Villa Dom\u00ednico es que se descart\u00f3 la posibilidad de que Mat\u00edas Gim\u00e9nez Rojas cuenten con una lesi\u00f3n, ya que termin\u00f3 con malas sensaciones luego de su ingreso por el goleador Gabriel \u00c1valos a los 43 minutos de la etapa complementaria.<\/p>\n<p>Sin el sanjuanino que ayer enfrent\u00f3 al club donde debut\u00f3 profesionalmente, el \u00fanico jugador ausente por lesi\u00f3n sigue siendo Franco Paredes, que sufri\u00f3 un desgarro ante Lan\u00fas y todav\u00eda se encuentra en v\u00edas de recuperaci\u00f3n.<\/p>\n<p>El resto del entrenamiento se dio bajo un clima m\u00e1s que distendido producto del gran momento que atraviesa el Rey de Copas dentro del campo de juego, lo cual se evidenci\u00f3 con el video que la instituci\u00f3n difundi\u00f3 en sus canales oficiales donde Luciano Cabral se anim\u00f3 al rol de camar\u00f3grafo para retratar al Cuerpo T\u00e9cnico de Julio Vaccari y sus compa\u00f1eros.<\/p>\n","protected":false},"excerpt":{"rendered":"<div class=\"mh-excerpt\"><p>Independiente se encuentra puntero de la Zona B del Torneo Apertura luego de ganarle dos a cero a San Mart\u00edn de San Juan el d\u00eda domingo en el Esadio Libertadores de Am\u00e9rica &#8211; Ricardo Enrique <a class=\"mh-excerpt-more\" href=\"https:\/\/www.masrojo.com.ar\/home\/2025\/04\/15\/sin-descanso-a-pesar-de-la-victoria\/\" title=\"Sin descanso a pesar de la victoria\">[&#8230;]<\/a><\/p>\n<\/div>","protected":false},"author":6,"featured_media":75326,"comment_status":"closed","ping_status":"closed","sticky":false,"template":"","format":"standard","meta":{"_jetpack_memberships_contains_paid_content":false,"footnotes":"","jetpack_publicize_message":"","jetpack_publicize_feature_enabled":true,"jetpack_social_post_already_shared":true,"jetpack_social_options":{"image_generator_settings":{"template":"highway","enabled":false},"version":2}},"categories":[4],"tags":[],"class_list":{"0":"post-75460","1":"post","2":"type-post","3":"status-publish","4":"format-standard","5":"has-post-thumbnail","7":"category-actualidad"},"jetpack_publicize_connections":[],"jetpack_sharing_enabled":true,"jetpack_featured_media_url":"https:\/\/i0.wp.com\/www.masrojo.com.ar\/home\/wp-content\/uploads\/vaccari-racing.jpg?fit=339%2C233&ssl=1","jetpack_shortlink":"https:\/\/wp.me\/p90W9F-jD6","_links":{"self":[{"href":"https:\/\/www.masrojo.com.ar\/home\/wp-json\/wp\/v2\/posts\/75460"}],"collection":[{"href":"https:\/\/www.masrojo.com.ar\/home\/wp-json\/wp\/v2\/posts"}],"about":[{"href":"https:\/\/www.masrojo.com.ar\/home\/wp-json\/wp\/v2\/types\/post"}],"author":[{"embeddable":true,"href":"https:\/\/www.masrojo.com.ar\/home\/wp-json\/wp\/v2\/users\/6"}],"replies":[{"embeddable":true,"href":"https:\/\/www.masrojo.com.ar\/home\/wp-json\/wp\/v2\/comments?post=75460"}],"version-history":[{"count":1,"href":"https:\/\/www.masrojo.com.ar\/home\/wp-json\/wp\/v2\/posts\/75460\/revisions"}],"predecessor-version":[{"id":75461,"href":"https:\/\/www.masrojo.com.ar\/home\/wp-json\/wp\/v2\/posts\/75460\/revisions\/75461"}],"wp:featuredmedia":[{"embeddable":true,"href":"https:\/\/www.masrojo.com.ar\/home\/wp-json\/wp\/v2\/media\/75326"}],"wp:attachment":[{"href":"https:\/\/www.masrojo.com.ar\/home\/wp-json\/wp\/v2\/media?parent=75460"}],"wp:term":[{"taxonomy":"category","embeddable":true,"href":"https:\/\/www.masrojo.com.ar\/home\/wp-json\/wp\/v2\/categories?post=75460"},{"taxonomy":"post_tag","embeddable":true,"href":"https:\/\/www.masrojo.com.ar\/home\/wp-json\/wp\/v2\/tags?post=75460"}],"curies":[{"name":"wp","href":"https:\/\/api.w.org\/{rel}","templated":true}]}}