{"id":75516,"date":"2025-04-23T08:26:57","date_gmt":"2025-04-23T11:26:57","guid":{"rendered":"https:\/\/www.masrojo.com.ar\/home\/?p=75516"},"modified":"2025-04-23T08:26:57","modified_gmt":"2025-04-23T11:26:57","slug":"quedamos-con-10-y-se-nos-puso-dificil","status":"publish","type":"post","link":"https:\/\/www.masrojo.com.ar\/home\/2025\/04\/23\/quedamos-con-10-y-se-nos-puso-dificil\/","title":{"rendered":"\u00abQUEDAMOS CON 10 Y SE NOS PUSO DIF\u00cdCIL\u00bb"},"content":{"rendered":"<p>Rodrigo Fern\u00e1ndez Cedr\u00e9s analiz\u00f3 la derrota 2-1 de Independiente con Guaran\u00ed en Paraguay, por la fase de grupos de la Copa Sudamericana.<\/p>\n<p>\u201cSab\u00edamos que iba a ser un partido duro. Por momentos, en el primer tiempo, se jug\u00f3 muy bien. Sab\u00edamos que iba a ser complicado\u201d, expres\u00f3 el mediocampista uruguayo, quien ingres\u00f3 por Federico Vera en el inicio del complemento.<\/p>\n<p>El volante tambi\u00e9n se refiri\u00f3 al desempe\u00f1o del equipo, tras la tarjeta roja de Iv\u00e1n Marcone: \u201cQuedamos con 10 y se nos puso dif\u00edcil. Creo que ellos tambi\u00e9n sab\u00edan a lo que jugaban, pero salimos bien los primeros 20 minutos del segundo tiempo. Lo pudimos empatar y despu\u00e9s el cansancio nos jug\u00f3 un poco una mala pasada\u201d.<br \/>\nPese al esfuerzo, Fern\u00e1ndez Cedr\u00e9s reiter\u00f3 que la inferioridad num\u00e9rica fue determinante: \u201cPor momentos del partido la pudimos igualar. Pero bueno, despu\u00e9s de varios minutos ya con 10, se puso un poco m\u00e1s dif\u00edcil y la verdad que cuesta\u201d.<\/p>\n<blockquote class=\"twitter-tweet\" data-media-max-width=\"560\">\n<p lang=\"es\" dir=\"ltr\">&quot;QUEDAMOS CON 10 Y SE NOS PUSO DIF\u00cdCIL&quot; &#x1f7e5;<\/p>\n<p>&#x25b6;&#xfe0f; Rodrigo Fern\u00e1ndez Cedr\u00e9s, sobre la expulsi\u00f3n de Marcone en la derrota de Independiente ante Guaran\u00ed por la CONMEBOL <a href=\"https:\/\/twitter.com\/hashtag\/SudamericanaEnDSPORTS?src=hash&amp;ref_src=twsrc%5Etfw\">#SudamericanaEnDSPORTS<\/a>.<\/p>\n<p>&#x1f399;&#xfe0f; <a href=\"https:\/\/twitter.com\/m_benedetto?ref_src=twsrc%5Etfw\">@m_benedetto<\/a> <a href=\"https:\/\/t.co\/L9v1Pal2eI\">pic.twitter.com\/L9v1Pal2eI<\/a><\/p>\n<p>&mdash; DSPORTS Argentina (@DSportsAR) <a href=\"https:\/\/twitter.com\/DSportsAR\/status\/1914836478016020593?ref_src=twsrc%5Etfw\">April 23, 2025<\/a><\/p><\/blockquote>\n<p> <script async src=\"https:\/\/platform.twitter.com\/widgets.js\" charset=\"utf-8\"><\/script><\/p>\n","protected":false},"excerpt":{"rendered":"<div class=\"mh-excerpt\"><p>Rodrigo Fern\u00e1ndez Cedr\u00e9s analiz\u00f3 la derrota 2-1 de Independiente con Guaran\u00ed en Paraguay, por la fase de grupos de la Copa Sudamericana. \u201cSab\u00edamos que iba a ser un partido duro. Por momentos, en el primer <a class=\"mh-excerpt-more\" href=\"https:\/\/www.masrojo.com.ar\/home\/2025\/04\/23\/quedamos-con-10-y-se-nos-puso-dificil\/\" title=\"\u00abQUEDAMOS CON 10 Y SE NOS PUSO DIF\u00cdCIL\u00bb\">[&#8230;]<\/a><\/p>\n<\/div>","protected":false},"author":6,"featured_media":75517,"comment_status":"closed","ping_status":"closed","sticky":false,"template":"","format":"video","meta":{"_jetpack_memberships_contains_paid_content":false,"footnotes":"","jetpack_publicize_message":"","jetpack_publicize_feature_enabled":true,"jetpack_social_post_already_shared":true,"jetpack_social_options":{"image_generator_settings":{"template":"highway","enabled":false},"version":2}},"categories":[4],"tags":[],"class_list":{"0":"post-75516","1":"post","2":"type-post","3":"status-publish","4":"format-video","5":"has-post-thumbnail","7":"category-actualidad","8":"post_format-post-format-video"},"jetpack_publicize_connections":[],"jetpack_sharing_enabled":true,"jetpack_featured_media_url":"https:\/\/i0.wp.com\/www.masrojo.com.ar\/home\/wp-content\/uploads\/CEDRES.jpg?fit=696%2C392&ssl=1","jetpack_shortlink":"https:\/\/wp.me\/p90W9F-jE0","_links":{"self":[{"href":"https:\/\/www.masrojo.com.ar\/home\/wp-json\/wp\/v2\/posts\/75516"}],"collection":[{"href":"https:\/\/www.masrojo.com.ar\/home\/wp-json\/wp\/v2\/posts"}],"about":[{"href":"https:\/\/www.masrojo.com.ar\/home\/wp-json\/wp\/v2\/types\/post"}],"author":[{"embeddable":true,"href":"https:\/\/www.masrojo.com.ar\/home\/wp-json\/wp\/v2\/users\/6"}],"replies":[{"embeddable":true,"href":"https:\/\/www.masrojo.com.ar\/home\/wp-json\/wp\/v2\/comments?post=75516"}],"version-history":[{"count":1,"href":"https:\/\/www.masrojo.com.ar\/home\/wp-json\/wp\/v2\/posts\/75516\/revisions"}],"predecessor-version":[{"id":75518,"href":"https:\/\/www.masrojo.com.ar\/home\/wp-json\/wp\/v2\/posts\/75516\/revisions\/75518"}],"wp:featuredmedia":[{"embeddable":true,"href":"https:\/\/www.masrojo.com.ar\/home\/wp-json\/wp\/v2\/media\/75517"}],"wp:attachment":[{"href":"https:\/\/www.masrojo.com.ar\/home\/wp-json\/wp\/v2\/media?parent=75516"}],"wp:term":[{"taxonomy":"category","embeddable":true,"href":"https:\/\/www.masrojo.com.ar\/home\/wp-json\/wp\/v2\/categories?post=75516"},{"taxonomy":"post_tag","embeddable":true,"href":"https:\/\/www.masrojo.com.ar\/home\/wp-json\/wp\/v2\/tags?post=75516"}],"curies":[{"name":"wp","href":"https:\/\/api.w.org\/{rel}","templated":true}]}}