{"id":75526,"date":"2025-04-22T14:50:03","date_gmt":"2025-04-22T17:50:03","guid":{"rendered":"https:\/\/www.masrojo.com.ar\/home\/?p=75526"},"modified":"2025-04-23T08:41:45","modified_gmt":"2025-04-23T11:41:45","slug":"visita-a-la-conmebol","status":"publish","type":"post","link":"https:\/\/www.masrojo.com.ar\/home\/2025\/04\/22\/visita-a-la-conmebol\/","title":{"rendered":"VISITA A LA CONMEBOL"},"content":{"rendered":"<p>Reuni\u00f3n en las oficinas de Conmebol<\/p>\n<p>Los dirigentes de #Independiente tuvieron un encuentro protocolar con Alejandro Dom\u00ednguez y Nery Pumpido, donde se abordaron diferentes tem\u00e1ticas bajo un clima muy descontracturado.<\/p>\n<p>Por parte del Rey de Copas se hicieron presentes N\u00e9stor Grindetti, Carlos Monta\u00f1a, Daniel Seoane, Carlos Sartori, Rub\u00e9n Conde y Maximiliano Walker.<\/p>\n","protected":false},"excerpt":{"rendered":"<div class=\"mh-excerpt\"><p>Reuni\u00f3n en las oficinas de Conmebol Los dirigentes de #Independiente tuvieron un encuentro protocolar con Alejandro Dom\u00ednguez y Nery Pumpido, donde se abordaron diferentes tem\u00e1ticas bajo un clima muy descontracturado. Por parte del Rey de <a class=\"mh-excerpt-more\" href=\"https:\/\/www.masrojo.com.ar\/home\/2025\/04\/22\/visita-a-la-conmebol\/\" title=\"VISITA A LA CONMEBOL\">[&#8230;]<\/a><\/p>\n<\/div>","protected":false},"author":6,"featured_media":75527,"comment_status":"closed","ping_status":"closed","sticky":false,"template":"","format":"image","meta":{"_jetpack_memberships_contains_paid_content":false,"footnotes":"","jetpack_publicize_message":"","jetpack_publicize_feature_enabled":true,"jetpack_social_post_already_shared":true,"jetpack_social_options":{"image_generator_settings":{"template":"highway","enabled":false},"version":2}},"categories":[4,8],"tags":[],"class_list":{"0":"post-75526","1":"post","2":"type-post","3":"status-publish","4":"format-image","5":"has-post-thumbnail","7":"category-actualidad","8":"category-institucionales","9":"post_format-post-format-image"},"jetpack_publicize_connections":[],"jetpack_sharing_enabled":true,"jetpack_featured_media_url":"https:\/\/i0.wp.com\/www.masrojo.com.ar\/home\/wp-content\/uploads\/GUARANI-3.jpg?fit=676%2C398&ssl=1","jetpack_shortlink":"https:\/\/wp.me\/p90W9F-jEa","_links":{"self":[{"href":"https:\/\/www.masrojo.com.ar\/home\/wp-json\/wp\/v2\/posts\/75526"}],"collection":[{"href":"https:\/\/www.masrojo.com.ar\/home\/wp-json\/wp\/v2\/posts"}],"about":[{"href":"https:\/\/www.masrojo.com.ar\/home\/wp-json\/wp\/v2\/types\/post"}],"author":[{"embeddable":true,"href":"https:\/\/www.masrojo.com.ar\/home\/wp-json\/wp\/v2\/users\/6"}],"replies":[{"embeddable":true,"href":"https:\/\/www.masrojo.com.ar\/home\/wp-json\/wp\/v2\/comments?post=75526"}],"version-history":[{"count":1,"href":"https:\/\/www.masrojo.com.ar\/home\/wp-json\/wp\/v2\/posts\/75526\/revisions"}],"predecessor-version":[{"id":75528,"href":"https:\/\/www.masrojo.com.ar\/home\/wp-json\/wp\/v2\/posts\/75526\/revisions\/75528"}],"wp:featuredmedia":[{"embeddable":true,"href":"https:\/\/www.masrojo.com.ar\/home\/wp-json\/wp\/v2\/media\/75527"}],"wp:attachment":[{"href":"https:\/\/www.masrojo.com.ar\/home\/wp-json\/wp\/v2\/media?parent=75526"}],"wp:term":[{"taxonomy":"category","embeddable":true,"href":"https:\/\/www.masrojo.com.ar\/home\/wp-json\/wp\/v2\/categories?post=75526"},{"taxonomy":"post_tag","embeddable":true,"href":"https:\/\/www.masrojo.com.ar\/home\/wp-json\/wp\/v2\/tags?post=75526"}],"curies":[{"name":"wp","href":"https:\/\/api.w.org\/{rel}","templated":true}]}}