{"id":75529,"date":"2025-04-23T14:40:57","date_gmt":"2025-04-23T17:40:57","guid":{"rendered":"https:\/\/www.masrojo.com.ar\/home\/?p=75529"},"modified":"2025-04-23T14:42:42","modified_gmt":"2025-04-23T17:42:42","slug":"reprogramacion-con-atletico-tucuman","status":"publish","type":"post","link":"https:\/\/www.masrojo.com.ar\/home\/2025\/04\/23\/reprogramacion-con-atletico-tucuman\/","title":{"rendered":"REPROGRAMACI\u00d3N CON ATL\u00c9TICO TUCUM\u00c1N"},"content":{"rendered":"<p>El partido suspendido ante Atl\u00e9tico Tucum\u00e1n fue reprogramado para el mi\u00e9rcoles 30\/4, a las 21.00, en el Estadio Jos\u00e9 Fierro.<\/p>\n<p>El encuentro hab\u00eda sido suspendido por la fuerte tormenta.<\/p>\n","protected":false},"excerpt":{"rendered":"<div class=\"mh-excerpt\"><p>El partido suspendido ante Atl\u00e9tico Tucum\u00e1n fue reprogramado para el mi\u00e9rcoles 30\/4, a las 21.00, en el Estadio Jos\u00e9 Fierro. El encuentro hab\u00eda sido suspendido por la fuerte tormenta.<\/p>\n<\/div>","protected":false},"author":6,"featured_media":75467,"comment_status":"closed","ping_status":"closed","sticky":false,"template":"","format":"image","meta":{"_jetpack_memberships_contains_paid_content":false,"footnotes":"","jetpack_publicize_message":"","jetpack_publicize_feature_enabled":true,"jetpack_social_post_already_shared":true,"jetpack_social_options":{"image_generator_settings":{"template":"highway","enabled":false},"version":2}},"categories":[4],"tags":[],"class_list":{"0":"post-75529","1":"post","2":"type-post","3":"status-publish","4":"format-image","5":"has-post-thumbnail","7":"category-actualidad","8":"post_format-post-format-image"},"jetpack_publicize_connections":[],"jetpack_sharing_enabled":true,"jetpack_featured_media_url":"https:\/\/i0.wp.com\/www.masrojo.com.ar\/home\/wp-content\/uploads\/luvia-atu.jpg?fit=1290%2C760&ssl=1","jetpack_shortlink":"https:\/\/wp.me\/p90W9F-jEd","_links":{"self":[{"href":"https:\/\/www.masrojo.com.ar\/home\/wp-json\/wp\/v2\/posts\/75529"}],"collection":[{"href":"https:\/\/www.masrojo.com.ar\/home\/wp-json\/wp\/v2\/posts"}],"about":[{"href":"https:\/\/www.masrojo.com.ar\/home\/wp-json\/wp\/v2\/types\/post"}],"author":[{"embeddable":true,"href":"https:\/\/www.masrojo.com.ar\/home\/wp-json\/wp\/v2\/users\/6"}],"replies":[{"embeddable":true,"href":"https:\/\/www.masrojo.com.ar\/home\/wp-json\/wp\/v2\/comments?post=75529"}],"version-history":[{"count":3,"href":"https:\/\/www.masrojo.com.ar\/home\/wp-json\/wp\/v2\/posts\/75529\/revisions"}],"predecessor-version":[{"id":75532,"href":"https:\/\/www.masrojo.com.ar\/home\/wp-json\/wp\/v2\/posts\/75529\/revisions\/75532"}],"wp:featuredmedia":[{"embeddable":true,"href":"https:\/\/www.masrojo.com.ar\/home\/wp-json\/wp\/v2\/media\/75467"}],"wp:attachment":[{"href":"https:\/\/www.masrojo.com.ar\/home\/wp-json\/wp\/v2\/media?parent=75529"}],"wp:term":[{"taxonomy":"category","embeddable":true,"href":"https:\/\/www.masrojo.com.ar\/home\/wp-json\/wp\/v2\/categories?post=75529"},{"taxonomy":"post_tag","embeddable":true,"href":"https:\/\/www.masrojo.com.ar\/home\/wp-json\/wp\/v2\/tags?post=75529"}],"curies":[{"name":"wp","href":"https:\/\/api.w.org\/{rel}","templated":true}]}}