{"id":75565,"date":"2025-04-29T20:36:14","date_gmt":"2025-04-29T23:36:14","guid":{"rendered":"https:\/\/www.masrojo.com.ar\/home\/?p=75565"},"modified":"2025-04-29T20:36:14","modified_gmt":"2025-04-29T23:36:14","slug":"dia-y-horario-para-visitar-a-central","status":"publish","type":"post","link":"https:\/\/www.masrojo.com.ar\/home\/2025\/04\/29\/dia-y-horario-para-visitar-a-central\/","title":{"rendered":"D\u00eda y horario para visitar a Central"},"content":{"rendered":"<p>La Liga Profesional defini\u00f3 todo para el duelo con el Canalla en el Gigante de Arroyito.<\/p>\n<p>Al definirse solamente el primer puesto y no depender de otros partidos, no era necesario hacerlo coincidir con otros cotejos. Por ello, y teniendo en cuenta que el Rey de Copas vuelve a jugar el pr\u00f3ximo martes por Copa Sudamericana, la Liga Profesional design\u00f3 el s\u00e1bado 3 de mayo a las 18:30 para que ambos se enfrenten.<\/p>\n","protected":false},"excerpt":{"rendered":"<div class=\"mh-excerpt\"><p>La Liga Profesional defini\u00f3 todo para el duelo con el Canalla en el Gigante de Arroyito. Al definirse solamente el primer puesto y no depender de otros partidos, no era necesario hacerlo coincidir con otros <a class=\"mh-excerpt-more\" href=\"https:\/\/www.masrojo.com.ar\/home\/2025\/04\/29\/dia-y-horario-para-visitar-a-central\/\" title=\"D\u00eda y horario para visitar a Central\">[&#8230;]<\/a><\/p>\n<\/div>","protected":false},"author":6,"featured_media":75566,"comment_status":"closed","ping_status":"closed","sticky":false,"template":"","format":"image","meta":{"_jetpack_memberships_contains_paid_content":false,"footnotes":"","jetpack_publicize_message":"","jetpack_publicize_feature_enabled":true,"jetpack_social_post_already_shared":true,"jetpack_social_options":{"image_generator_settings":{"template":"highway","enabled":false},"version":2}},"categories":[4],"tags":[],"class_list":{"0":"post-75565","1":"post","2":"type-post","3":"status-publish","4":"format-image","5":"has-post-thumbnail","7":"category-actualidad","8":"post_format-post-format-image"},"jetpack_publicize_connections":[],"jetpack_sharing_enabled":true,"jetpack_featured_media_url":"https:\/\/i0.wp.com\/www.masrojo.com.ar\/home\/wp-content\/uploads\/res-6.jpg?fit=908%2C509&ssl=1","jetpack_shortlink":"https:\/\/wp.me\/p90W9F-jEN","_links":{"self":[{"href":"https:\/\/www.masrojo.com.ar\/home\/wp-json\/wp\/v2\/posts\/75565"}],"collection":[{"href":"https:\/\/www.masrojo.com.ar\/home\/wp-json\/wp\/v2\/posts"}],"about":[{"href":"https:\/\/www.masrojo.com.ar\/home\/wp-json\/wp\/v2\/types\/post"}],"author":[{"embeddable":true,"href":"https:\/\/www.masrojo.com.ar\/home\/wp-json\/wp\/v2\/users\/6"}],"replies":[{"embeddable":true,"href":"https:\/\/www.masrojo.com.ar\/home\/wp-json\/wp\/v2\/comments?post=75565"}],"version-history":[{"count":1,"href":"https:\/\/www.masrojo.com.ar\/home\/wp-json\/wp\/v2\/posts\/75565\/revisions"}],"predecessor-version":[{"id":75567,"href":"https:\/\/www.masrojo.com.ar\/home\/wp-json\/wp\/v2\/posts\/75565\/revisions\/75567"}],"wp:featuredmedia":[{"embeddable":true,"href":"https:\/\/www.masrojo.com.ar\/home\/wp-json\/wp\/v2\/media\/75566"}],"wp:attachment":[{"href":"https:\/\/www.masrojo.com.ar\/home\/wp-json\/wp\/v2\/media?parent=75565"}],"wp:term":[{"taxonomy":"category","embeddable":true,"href":"https:\/\/www.masrojo.com.ar\/home\/wp-json\/wp\/v2\/categories?post=75565"},{"taxonomy":"post_tag","embeddable":true,"href":"https:\/\/www.masrojo.com.ar\/home\/wp-json\/wp\/v2\/tags?post=75565"}],"curies":[{"name":"wp","href":"https:\/\/api.w.org\/{rel}","templated":true}]}}