{"id":75570,"date":"2025-05-01T15:43:25","date_gmt":"2025-05-01T18:43:25","guid":{"rendered":"https:\/\/www.masrojo.com.ar\/home\/?p=75570"},"modified":"2025-05-01T15:43:25","modified_gmt":"2025-05-01T18:43:25","slug":"dura-caida-del-rojo-por-el-campeonato-local","status":"publish","type":"post","link":"https:\/\/www.masrojo.com.ar\/home\/2025\/05\/01\/dura-caida-del-rojo-por-el-campeonato-local\/","title":{"rendered":"Dura ca\u00edda del Rojo por el campeonato local"},"content":{"rendered":"<p>Independiente se enfrent\u00f3 ante Atl\u00e9tico Tucum\u00e1n por la fecha 14 de la la Liga Profesional Apertura, encuentro que se debi\u00f3 haber jugado el Viernes Santo que fue suspendido a causa de que el campo de juego no estaba en condiciones a causa de fuertes tormentas que cayeron en Tucum\u00e1n. En esta oportunidad, el Rojo no pudo con el Decano y cay\u00f3 por 2 a 0, quedando a 3 puntos del actual l\u00edder Rosario Central.<\/p>\n<p>Los once de Julio Vaccari fueron: Rodrigo Rey; Federico Vera, Kevin Lom\u00f3naco, Franco Paredes, Adri\u00e1n Sp\u00f6rle; Rodrigo Fern\u00e1ndez Cedr\u00e9s, Federico Mancuello, Felipe Loyola; Santiago Hidalgo, Mat\u00edas Gim\u00e9nez Rojas y Diego Tarzia.<\/p>\n<p>La din\u00e1mica del partido tom\u00f3 un patr\u00f3n evidente: el Rojo mantuvo la pelota e intent\u00f3 generar juego asociado, mientras que los locales se replegaron con el objetivo de robar la pelota para responder r\u00e1pidamente. Por esta v\u00eda, los de Lucas Pussineri se adelantaron a los 23 de juego: Guillermo Acosta le rob\u00f3 anticip\u00f3 a Mat\u00edas Gim\u00e9nez Rojas cerca del circulo central, condujo uno metros y habilit\u00f3 la corrida de Ramiro Ruiz Rodr\u00edguez, quien fue m\u00e1s veloz que Kevin Lom\u00f3naco, lleg\u00f3 hasta el fondo y tir\u00f3 un precis\u00f3 y manso centro al punto de penal, donde se encontraba en soledad Mateo Bajamich. Finalmente, el delantero ajust\u00f3 su remate contra el palo diestro e invalido el achique de Rodrigo Rey, capit\u00e1n de los de Avellaneda.<\/p>\n<p>El primer cap\u00edtulo concluy\u00f3 sin m\u00e1s sobresaltos. Los dirigidos por Julio Vaccari acumularon el 58% de la tenencia, pero tan solo un remate efectivo al arco adversario.<\/p>\n<p>El complemento inici\u00f3 con id\u00e9ntico algoritmo. El Rey de Copas aument\u00f3 su dominio posicional, pero continu\u00f3 sin encontrar el rumbo. El chileno Felipe Loyola, jugador m\u00e1s activo del equipo de Avellaneda y pretendido por Bayern M\u00fanich, se escabull\u00f3 en el \u00e1rea y cabece\u00f3 por encima del travesa\u00f1o, tras un preciso c\u00f3rner derecho ejecutado por Mancuello a los 23 minutos. Con la receta del contraataque, los anfitriones lastimaron y aumentaron la impotencia de sus adversarios. Primero, el uruguayo Franco Nicola surc\u00f3 la banda izquierda y elev\u00f3 un centro a Leandro D\u00edaz, quien con golpe de cabeza envi\u00f3 la pelota directo al travesa\u00f1o, que le neg\u00f3 el gol a falta de diez para el final. Fue un preludio. A los 87 minutos, Gonz\u00e1lez ejecut\u00f3 un pelotazo de \u00e1rea a \u00e1rea. Lisandro Cabrera asisti\u00f3 a Leandro D\u00edaz, quien control\u00f3, eludi\u00f3 a Rey con su definici\u00f3n y estamp\u00f3 el 2-0 definitivo.<\/p>\n<p>El pr\u00f3ximo partido ser\u00e1 ante Rosario Central por la \u00faltima fecha de la fase de grupos de la Liga Profesional en el Gigante de Arroyito el s\u00e1bado a las 18.30hs. Y aqu\u00ed se definir\u00e1 qui\u00e9n se queda con la punta de la zona.<\/p>\n<p><iframe loading=\"lazy\" title=\"YouTube video player\" src=\"https:\/\/www.youtube.com\/embed\/gytplrpHUi4?si=VZabAiTvBWW3PEmb\" width=\"560\" height=\"315\" frameborder=\"0\" allowfullscreen=\"allowfullscreen\"><\/iframe><\/p>\n","protected":false},"excerpt":{"rendered":"<div class=\"mh-excerpt\"><p>Independiente se enfrent\u00f3 ante Atl\u00e9tico Tucum\u00e1n por la fecha 14 de la la Liga Profesional Apertura, encuentro que se debi\u00f3 haber jugado el Viernes Santo que fue suspendido a causa de que el campo de <a class=\"mh-excerpt-more\" href=\"https:\/\/www.masrojo.com.ar\/home\/2025\/05\/01\/dura-caida-del-rojo-por-el-campeonato-local\/\" title=\"Dura ca\u00edda del Rojo por el campeonato local\">[&#8230;]<\/a><\/p>\n<\/div>","protected":false},"author":6,"featured_media":75571,"comment_status":"closed","ping_status":"closed","sticky":false,"template":"","format":"standard","meta":{"_jetpack_memberships_contains_paid_content":false,"footnotes":"","jetpack_publicize_message":"","jetpack_publicize_feature_enabled":true,"jetpack_social_post_already_shared":true,"jetpack_social_options":{"image_generator_settings":{"template":"highway","enabled":false},"version":2}},"categories":[4],"tags":[],"class_list":{"0":"post-75570","1":"post","2":"type-post","3":"status-publish","4":"format-standard","5":"has-post-thumbnail","7":"category-actualidad"},"jetpack_publicize_connections":[],"jetpack_sharing_enabled":true,"jetpack_featured_media_url":"https:\/\/i0.wp.com\/www.masrojo.com.ar\/home\/wp-content\/uploads\/hidalgo-3.jpg?fit=542%2C426&ssl=1","jetpack_shortlink":"https:\/\/wp.me\/p90W9F-jES","_links":{"self":[{"href":"https:\/\/www.masrojo.com.ar\/home\/wp-json\/wp\/v2\/posts\/75570"}],"collection":[{"href":"https:\/\/www.masrojo.com.ar\/home\/wp-json\/wp\/v2\/posts"}],"about":[{"href":"https:\/\/www.masrojo.com.ar\/home\/wp-json\/wp\/v2\/types\/post"}],"author":[{"embeddable":true,"href":"https:\/\/www.masrojo.com.ar\/home\/wp-json\/wp\/v2\/users\/6"}],"replies":[{"embeddable":true,"href":"https:\/\/www.masrojo.com.ar\/home\/wp-json\/wp\/v2\/comments?post=75570"}],"version-history":[{"count":1,"href":"https:\/\/www.masrojo.com.ar\/home\/wp-json\/wp\/v2\/posts\/75570\/revisions"}],"predecessor-version":[{"id":75572,"href":"https:\/\/www.masrojo.com.ar\/home\/wp-json\/wp\/v2\/posts\/75570\/revisions\/75572"}],"wp:featuredmedia":[{"embeddable":true,"href":"https:\/\/www.masrojo.com.ar\/home\/wp-json\/wp\/v2\/media\/75571"}],"wp:attachment":[{"href":"https:\/\/www.masrojo.com.ar\/home\/wp-json\/wp\/v2\/media?parent=75570"}],"wp:term":[{"taxonomy":"category","embeddable":true,"href":"https:\/\/www.masrojo.com.ar\/home\/wp-json\/wp\/v2\/categories?post=75570"},{"taxonomy":"post_tag","embeddable":true,"href":"https:\/\/www.masrojo.com.ar\/home\/wp-json\/wp\/v2\/tags?post=75570"}],"curies":[{"name":"wp","href":"https:\/\/api.w.org\/{rel}","templated":true}]}}