{"id":75585,"date":"2025-05-04T19:52:11","date_gmt":"2025-05-04T22:52:11","guid":{"rendered":"https:\/\/www.masrojo.com.ar\/home\/?p=75585"},"modified":"2025-05-04T19:52:11","modified_gmt":"2025-05-04T22:52:11","slug":"para-mi-empieza-un-torneo-totalmente-aparte","status":"publish","type":"post","link":"https:\/\/www.masrojo.com.ar\/home\/2025\/05\/04\/para-mi-empieza-un-torneo-totalmente-aparte\/","title":{"rendered":"\u00abPARA M\u00cd EMPIEZA UN TORNEO TOTALMENTE APARTE\u00bb"},"content":{"rendered":"<p>El entrenador del Rojo habl\u00f3 en la conferencia de prensa posterior a la ca\u00edda a manos del Canalla por la 16\u00b0 y \u00faltima fecha de la Fase de Grupos del Apertura 2025, donde dej\u00f3 pasar su \u00faltima chance de ser puntero y podr\u00eda caer al tercer puesto si gana River.<\/p>\n<div class=\"containerGrid\">\n<div class=\"col6 author\">\n<p><i>\u00ab<b>Que toque lo que toque, no hay mucho que pedir ni esperar<\/b>. Como dije, para m\u00ed empieza un torneo diferente y posiblemente el que salga octavo sea uno de los rivales m\u00e1s peligrosos.<b>\u00a0Cualquiera puede ser complejo<\/b>. Creo que desde lo f\u00edsico estamos muy bien, estamos enteros. Descansaron varios futbolistas en el d\u00eda de hoy, as\u00ed que llegamos bien\u00bb<\/i>, afirm\u00f3 el DT con pasado en Defensa y Justicia.<\/p>\n<p>Respecto a la Fase Final profundiz\u00f3 sobre las complejidades que trae consigo el formato, incluso para los que tiene el \u00ablujo\u00bb de la local\u00eda.\u00a0<i>\u00ab<b>Ahora el primero juega contra el octavo y con un empate el octavo puede pasar por penales. Todo lo que pas\u00f3 hasta ahora cambia todo, es otro torneo<\/b>. Ten\u00e9s que ser superior al rival y ganarle porque sino le gan\u00e1s, te vas.\u00a0<b>Muchas veces hasta la presi\u00f3n la tiene el que termin\u00f3 primero<\/b>\u00ab<\/i>.<\/p>\n<div id=\"ad-slot-inline2\" class=\"ad-slot-inline_grande ad-slot\" data-adtype=\"inline_grande\" data-google-query-id=\"CMuUgLbzio0DFXNIuAQd8qkR5g\">\n<p>Al hablar del tr\u00e1mite del encuentro en Arroyito, el entrenador asegur\u00f3 que el resultado fue l\u00f3gico pero eso no significa que est\u00e9 descontento con la actuaci\u00f3n de sus dirigidos:\u00a0<i>\u00abEstoy contento por todos los futbolistas.\u00a0<b>Creo que fue un buen partido del equipo, m\u00e1s all\u00e1 de las falencias que venimos sufriendo en los \u00faltimos partidos por la falta de gol<\/b>\u00ab.<\/i><\/p>\n<p><i>\u00abEl equipo en l\u00edneas generales me gust\u00f3 mucho.\u00a0<b>Creo que el resultado fue justo porque nosotros no tuvimos potencialidad en la finalizaci\u00f3n de la jugada<\/b>\u00a0y ellos, con la velocidad de sus delanteros y las transiciones ofensivas, lograron llegar al arco\u00bb<\/i>, asegur\u00f3.<\/p>\n<p><iframe loading=\"lazy\" width=\"560\" height=\"315\" src=\"https:\/\/www.youtube.com\/embed\/fY8UaaidAUI?si=YYnt9qbDbgLiVoBv\" title=\"YouTube video player\" frameborder=\"0\" allow=\"accelerometer; autoplay; clipboard-write; encrypted-media; gyroscope; picture-in-picture; web-share\" referrerpolicy=\"strict-origin-when-cross-origin\" allowfullscreen><\/iframe><\/p>\n","protected":false},"excerpt":{"rendered":"<div class=\"mh-excerpt\"><p>El entrenador del Rojo habl\u00f3 en la conferencia de prensa posterior a la ca\u00edda a manos del Canalla por la 16\u00b0 y \u00faltima fecha de la Fase de Grupos del Apertura 2025, donde dej\u00f3 pasar <a class=\"mh-excerpt-more\" href=\"https:\/\/www.masrojo.com.ar\/home\/2025\/05\/04\/para-mi-empieza-un-torneo-totalmente-aparte\/\" title=\"\u00abPARA M\u00cd EMPIEZA UN TORNEO TOTALMENTE APARTE\u00bb\">[&#8230;]<\/a><\/p>\n<\/div>","protected":false},"author":6,"featured_media":75265,"comment_status":"closed","ping_status":"closed","sticky":false,"template":"","format":"video","meta":{"_jetpack_memberships_contains_paid_content":false,"footnotes":"","jetpack_publicize_message":"","jetpack_publicize_feature_enabled":true,"jetpack_social_post_already_shared":true,"jetpack_social_options":{"image_generator_settings":{"template":"highway","enabled":false},"version":2}},"categories":[4],"tags":[],"class_list":{"0":"post-75585","1":"post","2":"type-post","3":"status-publish","4":"format-video","5":"has-post-thumbnail","7":"category-actualidad","8":"post_format-post-format-video"},"jetpack_publicize_connections":[],"jetpack_sharing_enabled":true,"jetpack_featured_media_url":"https:\/\/i0.wp.com\/www.masrojo.com.ar\/home\/wp-content\/uploads\/VACCARI2.jpg?fit=691%2C460&ssl=1","jetpack_shortlink":"https:\/\/wp.me\/p90W9F-jF7","_links":{"self":[{"href":"https:\/\/www.masrojo.com.ar\/home\/wp-json\/wp\/v2\/posts\/75585"}],"collection":[{"href":"https:\/\/www.masrojo.com.ar\/home\/wp-json\/wp\/v2\/posts"}],"about":[{"href":"https:\/\/www.masrojo.com.ar\/home\/wp-json\/wp\/v2\/types\/post"}],"author":[{"embeddable":true,"href":"https:\/\/www.masrojo.com.ar\/home\/wp-json\/wp\/v2\/users\/6"}],"replies":[{"embeddable":true,"href":"https:\/\/www.masrojo.com.ar\/home\/wp-json\/wp\/v2\/comments?post=75585"}],"version-history":[{"count":1,"href":"https:\/\/www.masrojo.com.ar\/home\/wp-json\/wp\/v2\/posts\/75585\/revisions"}],"predecessor-version":[{"id":75586,"href":"https:\/\/www.masrojo.com.ar\/home\/wp-json\/wp\/v2\/posts\/75585\/revisions\/75586"}],"wp:featuredmedia":[{"embeddable":true,"href":"https:\/\/www.masrojo.com.ar\/home\/wp-json\/wp\/v2\/media\/75265"}],"wp:attachment":[{"href":"https:\/\/www.masrojo.com.ar\/home\/wp-json\/wp\/v2\/media?parent=75585"}],"wp:term":[{"taxonomy":"category","embeddable":true,"href":"https:\/\/www.masrojo.com.ar\/home\/wp-json\/wp\/v2\/categories?post=75585"},{"taxonomy":"post_tag","embeddable":true,"href":"https:\/\/www.masrojo.com.ar\/home\/wp-json\/wp\/v2\/tags?post=75585"}],"curies":[{"name":"wp","href":"https:\/\/api.w.org\/{rel}","templated":true}]}}