{"id":75606,"date":"2025-05-08T13:21:46","date_gmt":"2025-05-08T16:21:46","guid":{"rendered":"https:\/\/www.masrojo.com.ar\/home\/?p=75606"},"modified":"2025-05-10T13:26:33","modified_gmt":"2025-05-10T16:26:33","slug":"lomonaco-recibio-una-mejora-salarial","status":"publish","type":"post","link":"https:\/\/www.masrojo.com.ar\/home\/2025\/05\/08\/lomonaco-recibio-una-mejora-salarial\/","title":{"rendered":"Lom\u00f3naco recibi\u00f3 una mejora salarial"},"content":{"rendered":"<p>El defensor central, una de las grandes figuras del equipo y de los mejores en su puesto en el f\u00fatbol argentino, tiene v\u00ednculo con el elenco de Avellaneda hasta fines de 2028 y ahora estamp\u00f3 la firma con un incremento como premio por sus buenos rendimientos bajo las \u00f3rdenes de Julio Vaccari.<\/p>\n<p>\u00abKevin Lom\u00f3naco recibi\u00f3 una mejora en su contrato. El defensor central, de gran rendimiento desde que lleg\u00f3 a #Independiente, tiene v\u00ednculo con el Club hasta diciembre de 2028. \u00a1Vamos por todo, Kevin! #TodoRojo\u00bb, poste\u00f3 la instituci\u00f3n en las redes sociales.<\/p>\n<blockquote class=\"twitter-tweet\">\n<p dir=\"ltr\" lang=\"es\">Kevin Lom\u00f3naco recibi\u00f3 una mejora en su contrato &#x2705;&#xfe0f;<\/p>\n<p>El defensor central, de gran rendimiento desde que lleg\u00f3 a <a href=\"https:\/\/twitter.com\/hashtag\/Independiente?src=hash&amp;ref_src=twsrc%5Etfw\">#Independiente<\/a>, tiene v\u00ednculo con el Club hasta diciembre de 2028.<\/p>\n<p>\u00a1Vamos por todo, Kevin! &#x1f525;<a href=\"https:\/\/twitter.com\/hashtag\/TodoRojo?src=hash&amp;ref_src=twsrc%5Etfw\">#TodoRojo<\/a> &#x1f534; <a href=\"https:\/\/t.co\/RWkLCRKdM1\">pic.twitter.com\/RWkLCRKdM1<\/a><\/p>\n<p>\u2014 C. A. Independiente (@Independiente) <a href=\"https:\/\/twitter.com\/Independiente\/status\/1920534889826341108?ref_src=twsrc%5Etfw\">May 8, 2025<\/a><\/p><\/blockquote>\n<p><script async src=\"https:\/\/platform.twitter.com\/widgets.js\" charset=\"utf-8\"><\/script><\/p>\n","protected":false},"excerpt":{"rendered":"<div class=\"mh-excerpt\"><p>El defensor central, una de las grandes figuras del equipo y de los mejores en su puesto en el f\u00fatbol argentino, tiene v\u00ednculo con el elenco de Avellaneda hasta fines de 2028 y ahora estamp\u00f3 <a class=\"mh-excerpt-more\" href=\"https:\/\/www.masrojo.com.ar\/home\/2025\/05\/08\/lomonaco-recibio-una-mejora-salarial\/\" title=\"Lom\u00f3naco recibi\u00f3 una mejora salarial\">[&#8230;]<\/a><\/p>\n<\/div>","protected":false},"author":6,"featured_media":75520,"comment_status":"closed","ping_status":"closed","sticky":false,"template":"","format":"standard","meta":{"_jetpack_memberships_contains_paid_content":false,"footnotes":"","jetpack_publicize_message":"","jetpack_publicize_feature_enabled":true,"jetpack_social_post_already_shared":true,"jetpack_social_options":{"image_generator_settings":{"template":"highway","enabled":false},"version":2}},"categories":[4],"tags":[],"class_list":{"0":"post-75606","1":"post","2":"type-post","3":"status-publish","4":"format-standard","5":"has-post-thumbnail","7":"category-actualidad"},"jetpack_publicize_connections":[],"jetpack_sharing_enabled":true,"jetpack_featured_media_url":"https:\/\/i0.wp.com\/www.masrojo.com.ar\/home\/wp-content\/uploads\/LOMO.jpg?fit=948%2C533&ssl=1","jetpack_shortlink":"https:\/\/wp.me\/p90W9F-jFs","_links":{"self":[{"href":"https:\/\/www.masrojo.com.ar\/home\/wp-json\/wp\/v2\/posts\/75606"}],"collection":[{"href":"https:\/\/www.masrojo.com.ar\/home\/wp-json\/wp\/v2\/posts"}],"about":[{"href":"https:\/\/www.masrojo.com.ar\/home\/wp-json\/wp\/v2\/types\/post"}],"author":[{"embeddable":true,"href":"https:\/\/www.masrojo.com.ar\/home\/wp-json\/wp\/v2\/users\/6"}],"replies":[{"embeddable":true,"href":"https:\/\/www.masrojo.com.ar\/home\/wp-json\/wp\/v2\/comments?post=75606"}],"version-history":[{"count":1,"href":"https:\/\/www.masrojo.com.ar\/home\/wp-json\/wp\/v2\/posts\/75606\/revisions"}],"predecessor-version":[{"id":75607,"href":"https:\/\/www.masrojo.com.ar\/home\/wp-json\/wp\/v2\/posts\/75606\/revisions\/75607"}],"wp:featuredmedia":[{"embeddable":true,"href":"https:\/\/www.masrojo.com.ar\/home\/wp-json\/wp\/v2\/media\/75520"}],"wp:attachment":[{"href":"https:\/\/www.masrojo.com.ar\/home\/wp-json\/wp\/v2\/media?parent=75606"}],"wp:term":[{"taxonomy":"category","embeddable":true,"href":"https:\/\/www.masrojo.com.ar\/home\/wp-json\/wp\/v2\/categories?post=75606"},{"taxonomy":"post_tag","embeddable":true,"href":"https:\/\/www.masrojo.com.ar\/home\/wp-json\/wp\/v2\/tags?post=75606"}],"curies":[{"name":"wp","href":"https:\/\/api.w.org\/{rel}","templated":true}]}}