{"id":75608,"date":"2025-05-08T19:26:38","date_gmt":"2025-05-08T22:26:38","guid":{"rendered":"https:\/\/www.masrojo.com.ar\/home\/?p=75608"},"modified":"2025-05-10T13:33:09","modified_gmt":"2025-05-10T16:33:09","slug":"las-diablas-cayeron-ante-newells","status":"publish","type":"post","link":"https:\/\/www.masrojo.com.ar\/home\/2025\/05\/08\/las-diablas-cayeron-ante-newells\/","title":{"rendered":"Las Diablas cayeron ante Newell&#8217;s"},"content":{"rendered":"<p>Independiente recibi\u00f3 en el Predio de Villa Dom\u00ednico a Newell&#8217;s, el cual cayeron por 3 a 0 en el marco de la Liga Profesional de F\u00fatbol Femenino.<\/p>\n<p>En lo que fue una mala preentaci\u00f3n del conjunto de Avellaneda, pregonaron los errores defensivos principalmente en el primer tiempo, el cual las Rosarinas aprovecharon y marcaron los tres goles del encuentro que ya le estaban dando la victoria y el pasaje a la obtenci\u00f3n de los tres puntos.<\/p>\n<p>En la segunda parte, Independiente present\u00f3 ciertos cambios que le permitieron ajustar algunos errores defensivos, pero el arco nunca se abri\u00f3 y la derrota se consum\u00f3 en un 0 &#8211; 3.<\/p>\n<p>Independiente quedo en la posici\u00f3n 15 con nueve unidades en total con un saldo negativo en partidos disputados<\/p>\n<p>La pr\u00f3xima fecha, se enfrentaran ante Talleres en C\u00f3rdoba, con d\u00eda y horario a definir<\/p>\n","protected":false},"excerpt":{"rendered":"<div class=\"mh-excerpt\"><p>Independiente recibi\u00f3 en el Predio de Villa Dom\u00ednico a Newell&#8217;s, el cual cayeron por 3 a 0 en el marco de la Liga Profesional de F\u00fatbol Femenino. En lo que fue una mala preentaci\u00f3n del <a class=\"mh-excerpt-more\" href=\"https:\/\/www.masrojo.com.ar\/home\/2025\/05\/08\/las-diablas-cayeron-ante-newells\/\" title=\"Las Diablas cayeron ante Newell&#8217;s\">[&#8230;]<\/a><\/p>\n<\/div>","protected":false},"author":6,"featured_media":75609,"comment_status":"closed","ping_status":"closed","sticky":false,"template":"","format":"standard","meta":{"_jetpack_memberships_contains_paid_content":false,"footnotes":"","jetpack_publicize_message":"","jetpack_publicize_feature_enabled":true,"jetpack_social_post_already_shared":true,"jetpack_social_options":{"image_generator_settings":{"template":"highway","enabled":false},"version":2}},"categories":[4,659],"tags":[],"class_list":{"0":"post-75608","1":"post","2":"type-post","3":"status-publish","4":"format-standard","5":"has-post-thumbnail","7":"category-actualidad","8":"category-futbolfemenino"},"jetpack_publicize_connections":[],"jetpack_sharing_enabled":true,"jetpack_featured_media_url":"https:\/\/i0.wp.com\/www.masrojo.com.ar\/home\/wp-content\/uploads\/diablas-newells.jpeg?fit=680%2C503&ssl=1","jetpack_shortlink":"https:\/\/wp.me\/p90W9F-jFu","_links":{"self":[{"href":"https:\/\/www.masrojo.com.ar\/home\/wp-json\/wp\/v2\/posts\/75608"}],"collection":[{"href":"https:\/\/www.masrojo.com.ar\/home\/wp-json\/wp\/v2\/posts"}],"about":[{"href":"https:\/\/www.masrojo.com.ar\/home\/wp-json\/wp\/v2\/types\/post"}],"author":[{"embeddable":true,"href":"https:\/\/www.masrojo.com.ar\/home\/wp-json\/wp\/v2\/users\/6"}],"replies":[{"embeddable":true,"href":"https:\/\/www.masrojo.com.ar\/home\/wp-json\/wp\/v2\/comments?post=75608"}],"version-history":[{"count":1,"href":"https:\/\/www.masrojo.com.ar\/home\/wp-json\/wp\/v2\/posts\/75608\/revisions"}],"predecessor-version":[{"id":75610,"href":"https:\/\/www.masrojo.com.ar\/home\/wp-json\/wp\/v2\/posts\/75608\/revisions\/75610"}],"wp:featuredmedia":[{"embeddable":true,"href":"https:\/\/www.masrojo.com.ar\/home\/wp-json\/wp\/v2\/media\/75609"}],"wp:attachment":[{"href":"https:\/\/www.masrojo.com.ar\/home\/wp-json\/wp\/v2\/media?parent=75608"}],"wp:term":[{"taxonomy":"category","embeddable":true,"href":"https:\/\/www.masrojo.com.ar\/home\/wp-json\/wp\/v2\/categories?post=75608"},{"taxonomy":"post_tag","embeddable":true,"href":"https:\/\/www.masrojo.com.ar\/home\/wp-json\/wp\/v2\/tags?post=75608"}],"curies":[{"name":"wp","href":"https:\/\/api.w.org\/{rel}","templated":true}]}}