{"id":75617,"date":"2025-05-14T10:22:44","date_gmt":"2025-05-14T13:22:44","guid":{"rendered":"https:\/\/www.masrojo.com.ar\/home\/?p=75617"},"modified":"2025-05-14T10:22:44","modified_gmt":"2025-05-14T13:22:44","slug":"vaccari-le-tiro-la-presion-a-boca","status":"publish","type":"post","link":"https:\/\/www.masrojo.com.ar\/home\/2025\/05\/14\/vaccari-le-tiro-la-presion-a-boca\/","title":{"rendered":"Vaccari le tir\u00f3 la presi\u00f3n a Boca"},"content":{"rendered":"<p>El entrenador de Independiente palpit\u00f3 el cruce de cuartos de final del Apertura que tendr\u00e1 frente al Xeneize.<\/p>\n<div class=\"containerGrid\">\n<div class=\"col6 author\">\n<p>En la rueda de prensa posterior al triunfo del conjunto de Avellaneda con un golazo de Santiago Montiel, el DT fue consultado sobre\u00a0su frase en febrero, en la que hab\u00eda se\u00f1alado a River, Estudiantes (ya qued\u00f3 afuera) y el\u00a0<i>Xeneize<\/i>\u00a0como los candidatos a ser campe\u00f3n, y contest\u00f3:\u00a0<i><b>\u00abSiempre lo van a hacer y Boca tiene una sola competencia, entonces hoy es a\u00fan m\u00e1s candidato que cuando lo dije\u00bb<\/b><\/i>.<\/p>\n<p>A su vez, sobre el desempe\u00f1o de sus dirigidos en la victoria frente a la Lepra mendocina, analiz\u00f3:\u00a0<i>\u00abEl primer tiempo nos cost\u00f3 la verticalidad en los metros finales, pero en el segundo los muchachos salieron con una decisi\u00f3n de ir en busca del arco rival, las situaciones se dieron y encontramos el gol\u00bb.<\/i><\/p>\n<p>Adem\u00e1s destac\u00f3 el desempe\u00f1o de los laterales,\u00a0<b>Federico Vera y \u00c1lvaro \u00c1ngulo<\/b>, ya que dijo que como el rival ten\u00eda gente por el centro, \u00ablas chances aparecieron por las bandas\u00bb y resalt\u00f3 que el ex-Uni\u00f3n pudo controlar a\u00a0<b>Sebasti\u00e1n<\/b>\u00a0<b>Villa<\/b>, a quien catalog\u00f3 como\u00a0<b>\u00abuno de los m\u00e1s determinantes del f\u00fatbol argentino\u00bb.<\/b><\/p>\n<\/div>\n<p>El entrenador de 44 a\u00f1os tambi\u00e9n se refiri\u00f3 al tanto de chilena que anot\u00f3 Santiago Montiel:\u00a0<i>\u00abLa verdad que no s\u00e9 si fue el mejor que v\u00ed en una cancha, pero s\u00ed que fue un golazo,\u00a0<b>de esos goles que quedan en la historia del f\u00fatbol porque es muy at\u00edpico<\/b>. No recuerdo muchos desde ese lugar. Nos sirvi\u00f3 para ganar y muy feliz por \u00e9l que ven\u00eda con bastantes inconvenientes y pudo jugar de buena manera y lo coron\u00f3 as\u00ed\u00bb<\/i><i>.<\/i><\/p>\n<div id=\"video-genoa-840966\" class=\"videoPlayer genoa-async\" data-contentid=\"1760011\" data-share=\"https:\/\/www.tycsports.com\/independiente\/julio-vaccari-independiente-boca-juniors-cuartos-de-final-apertura-id656978.html\" data-playlist-related=\"true\" data-playlist=\"1760043,1760043,1760021,1760021,1760021\">Por \u00faltimo, ante una posible salida del chileno\u00a0<b>Felipe Loyola\u00a0<\/b>y el defensor\u00a0<b>Kevin Lom\u00f3naco<\/b>, quienes son dos jugadores seguidos por varios equipos, Vaccari se sincer\u00f3:\u00a0<i>\u00abNo puedo pensar en un mercado de pases, no te puedo mentir. Hoy ven\u00eda en el colectivo y se sentaron algunos dirigentes para preguntarme qu\u00e9 partidos hab\u00eda visto y no vi ninguno porque ten\u00eda que ver todas las situaciones de Independiente Rivadavia.<\/i>\u00a0<i><b>S\u00ed digo que perderlos ser\u00eda una pena para Independiente porque son futbolistas que levantan la vara y encajan justo en la instituci\u00f3n, pero no lo pienso<\/b>\u00ab<\/i>.<\/div>\n<\/div>\n","protected":false},"excerpt":{"rendered":"<div class=\"mh-excerpt\"><p>El entrenador de Independiente palpit\u00f3 el cruce de cuartos de final del Apertura que tendr\u00e1 frente al Xeneize. En la rueda de prensa posterior al triunfo del conjunto de Avellaneda con un golazo de Santiago <a class=\"mh-excerpt-more\" href=\"https:\/\/www.masrojo.com.ar\/home\/2025\/05\/14\/vaccari-le-tiro-la-presion-a-boca\/\" title=\"Vaccari le tir\u00f3 la presi\u00f3n a Boca\">[&#8230;]<\/a><\/p>\n<\/div>","protected":false},"author":6,"featured_media":75431,"comment_status":"closed","ping_status":"closed","sticky":false,"template":"","format":"image","meta":{"_jetpack_memberships_contains_paid_content":false,"footnotes":"","jetpack_publicize_message":"","jetpack_publicize_feature_enabled":true,"jetpack_social_post_already_shared":true,"jetpack_social_options":{"image_generator_settings":{"template":"highway","enabled":false},"version":2}},"categories":[4],"tags":[],"class_list":{"0":"post-75617","1":"post","2":"type-post","3":"status-publish","4":"format-image","5":"has-post-thumbnail","7":"category-actualidad","8":"post_format-post-format-image"},"jetpack_publicize_connections":[],"jetpack_sharing_enabled":true,"jetpack_featured_media_url":"https:\/\/i0.wp.com\/www.masrojo.com.ar\/home\/wp-content\/uploads\/vaccari-br.png?fit=641%2C393&ssl=1","jetpack_shortlink":"https:\/\/wp.me\/p90W9F-jFD","_links":{"self":[{"href":"https:\/\/www.masrojo.com.ar\/home\/wp-json\/wp\/v2\/posts\/75617"}],"collection":[{"href":"https:\/\/www.masrojo.com.ar\/home\/wp-json\/wp\/v2\/posts"}],"about":[{"href":"https:\/\/www.masrojo.com.ar\/home\/wp-json\/wp\/v2\/types\/post"}],"author":[{"embeddable":true,"href":"https:\/\/www.masrojo.com.ar\/home\/wp-json\/wp\/v2\/users\/6"}],"replies":[{"embeddable":true,"href":"https:\/\/www.masrojo.com.ar\/home\/wp-json\/wp\/v2\/comments?post=75617"}],"version-history":[{"count":1,"href":"https:\/\/www.masrojo.com.ar\/home\/wp-json\/wp\/v2\/posts\/75617\/revisions"}],"predecessor-version":[{"id":75618,"href":"https:\/\/www.masrojo.com.ar\/home\/wp-json\/wp\/v2\/posts\/75617\/revisions\/75618"}],"wp:featuredmedia":[{"embeddable":true,"href":"https:\/\/www.masrojo.com.ar\/home\/wp-json\/wp\/v2\/media\/75431"}],"wp:attachment":[{"href":"https:\/\/www.masrojo.com.ar\/home\/wp-json\/wp\/v2\/media?parent=75617"}],"wp:term":[{"taxonomy":"category","embeddable":true,"href":"https:\/\/www.masrojo.com.ar\/home\/wp-json\/wp\/v2\/categories?post=75617"},{"taxonomy":"post_tag","embeddable":true,"href":"https:\/\/www.masrojo.com.ar\/home\/wp-json\/wp\/v2\/tags?post=75617"}],"curies":[{"name":"wp","href":"https:\/\/api.w.org\/{rel}","templated":true}]}}