{"id":75619,"date":"2025-05-14T10:28:01","date_gmt":"2025-05-14T13:28:01","guid":{"rendered":"https:\/\/www.masrojo.com.ar\/home\/?p=75619"},"modified":"2025-05-14T10:28:01","modified_gmt":"2025-05-14T13:28:01","slug":"la-fuerte-revelacion-de-santiago-montiel","status":"publish","type":"post","link":"https:\/\/www.masrojo.com.ar\/home\/2025\/05\/14\/la-fuerte-revelacion-de-santiago-montiel\/","title":{"rendered":"La fuerte revelaci\u00f3n de Santiago Montiel"},"content":{"rendered":"<p>El delantero le dio el triunfo al Rojo ante Independiente (M) con una chilena espectacular pero habl\u00f3 de las lesiones que lo alejaron de las canchas en las \u00faltimas semanas.<\/p>\n<div class=\"containerGrid\">\n<div class=\"col6 author\">\n<p>El talentoso atacante se perdi\u00f3 varios partidos durante los \u00faltimos meses por culpa de diferentes lesiones que lo aquejaron y pudo volver a sentirse fuerte dentro del campo de juego<b>.<i>\u00a0\u00abMuy contento, hac\u00eda mucho no ven\u00eda convirtiendo ni jugando por las lesiones. La pas\u00e9 muy mal, contento volver con este gol\u00bb<\/i><\/b>, asegur\u00f3 en di\u00e1logo con ESPN Premium. \u00ab<i>Sab\u00eda que ten\u00eda que terminar la jugada, me qued\u00f3 ah\u00ed, no lo pens\u00e9 y le pegu\u00e9\u00bb,\u00a0<\/i>agreg\u00f3 m\u00e1s tarde.<\/p>\n<p>Por otro lado, se refiri\u00f3 a lo que ser\u00e1 el dif\u00edcil cruce por un lugar en las semifinales, que ser\u00e1 frente al<b>\u00a0Xeneize, que viene de dejar afuera a Lan\u00fas por penales<\/b>, y en condici\u00f3n de visitante.\u00a0<i><b>\u00abJugar en la Bombonera, una cancha tan linda, con un equipo de jerarqu\u00eda&#8230; Estamos ilusoinados, pero sabemos que no va a ser f\u00e1cil\u00bb,<\/b><\/i>\u00a0sentenci\u00f3.<\/p>\n<blockquote class=\"twitter-tweet\" data-media-max-width=\"560\">\n<p lang=\"es\" dir=\"ltr\">&#x26bd;&#x1f1e6;&#x1f1f7;\u00a1EL GOLAZO DE PUSKAS DE MONTIEL!<\/p>\n<p>Todas las reacciones a la tremenda pirueta del volante de Independiente en el 1-0 ante Independiente Rivadavia.<\/p>\n<p>&#x1f4fa; No te pierdas <a href=\"https:\/\/twitter.com\/hashtag\/ESPNF%C3%BAtbol1?src=hash&amp;ref_src=twsrc%5Etfw\">#ESPNF\u00fatbol1<\/a> en vivo por <a href=\"https:\/\/twitter.com\/hashtag\/DisneyPlus?src=hash&amp;ref_src=twsrc%5Etfw\">#DisneyPlus<\/a> <a href=\"https:\/\/t.co\/08UOogoKkH\">pic.twitter.com\/08UOogoKkH<\/a><\/p>\n<p>&mdash; ESPN Argentina (@ESPNArgentina) <a href=\"https:\/\/twitter.com\/ESPNArgentina\/status\/1921747493924077922?ref_src=twsrc%5Etfw\">May 12, 2025<\/a><\/p><\/blockquote>\n<p> <script async src=\"https:\/\/platform.twitter.com\/widgets.js\" charset=\"utf-8\"><\/script><\/p>\n","protected":false},"excerpt":{"rendered":"<div class=\"mh-excerpt\"><p>El delantero le dio el triunfo al Rojo ante Independiente (M) con una chilena espectacular pero habl\u00f3 de las lesiones que lo alejaron de las canchas en las \u00faltimas semanas. El talentoso atacante se perdi\u00f3 <a class=\"mh-excerpt-more\" href=\"https:\/\/www.masrojo.com.ar\/home\/2025\/05\/14\/la-fuerte-revelacion-de-santiago-montiel\/\" title=\"La fuerte revelaci\u00f3n de Santiago Montiel\">[&#8230;]<\/a><\/p>\n<\/div>","protected":false},"author":6,"featured_media":74719,"comment_status":"closed","ping_status":"closed","sticky":false,"template":"","format":"video","meta":{"_jetpack_memberships_contains_paid_content":false,"footnotes":"","jetpack_publicize_message":"","jetpack_publicize_feature_enabled":true,"jetpack_social_post_already_shared":true,"jetpack_social_options":{"image_generator_settings":{"template":"highway","enabled":false},"version":2}},"categories":[4],"tags":[],"class_list":{"0":"post-75619","1":"post","2":"type-post","3":"status-publish","4":"format-video","5":"has-post-thumbnail","7":"category-actualidad","8":"post_format-post-format-video"},"jetpack_publicize_connections":[],"jetpack_sharing_enabled":true,"jetpack_featured_media_url":"https:\/\/i0.wp.com\/www.masrojo.com.ar\/home\/wp-content\/uploads\/santiago-montiel.png?fit=1024%2C772&ssl=1","jetpack_shortlink":"https:\/\/wp.me\/p90W9F-jFF","_links":{"self":[{"href":"https:\/\/www.masrojo.com.ar\/home\/wp-json\/wp\/v2\/posts\/75619"}],"collection":[{"href":"https:\/\/www.masrojo.com.ar\/home\/wp-json\/wp\/v2\/posts"}],"about":[{"href":"https:\/\/www.masrojo.com.ar\/home\/wp-json\/wp\/v2\/types\/post"}],"author":[{"embeddable":true,"href":"https:\/\/www.masrojo.com.ar\/home\/wp-json\/wp\/v2\/users\/6"}],"replies":[{"embeddable":true,"href":"https:\/\/www.masrojo.com.ar\/home\/wp-json\/wp\/v2\/comments?post=75619"}],"version-history":[{"count":1,"href":"https:\/\/www.masrojo.com.ar\/home\/wp-json\/wp\/v2\/posts\/75619\/revisions"}],"predecessor-version":[{"id":75620,"href":"https:\/\/www.masrojo.com.ar\/home\/wp-json\/wp\/v2\/posts\/75619\/revisions\/75620"}],"wp:featuredmedia":[{"embeddable":true,"href":"https:\/\/www.masrojo.com.ar\/home\/wp-json\/wp\/v2\/media\/74719"}],"wp:attachment":[{"href":"https:\/\/www.masrojo.com.ar\/home\/wp-json\/wp\/v2\/media?parent=75619"}],"wp:term":[{"taxonomy":"category","embeddable":true,"href":"https:\/\/www.masrojo.com.ar\/home\/wp-json\/wp\/v2\/categories?post=75619"},{"taxonomy":"post_tag","embeddable":true,"href":"https:\/\/www.masrojo.com.ar\/home\/wp-json\/wp\/v2\/tags?post=75619"}],"curies":[{"name":"wp","href":"https:\/\/api.w.org\/{rel}","templated":true}]}}