{"id":75623,"date":"2025-05-14T10:31:38","date_gmt":"2025-05-14T13:31:38","guid":{"rendered":"https:\/\/www.masrojo.com.ar\/home\/?p=75623"},"modified":"2025-05-14T10:31:38","modified_gmt":"2025-05-14T13:31:38","slug":"a-la-espera-de-gabriel-avalos","status":"publish","type":"post","link":"https:\/\/www.masrojo.com.ar\/home\/2025\/05\/14\/a-la-espera-de-gabriel-avalos\/","title":{"rendered":"A la espera de Gabriel \u00c1valos"},"content":{"rendered":"<p style=\"text-align: justify;\">Tras meterse en cuartos del Torneo Apertura, el Rojo se prepara para recibir a Guaran\u00ed en busca de la clasificaci\u00f3n.<\/p>\n<div class=\"containerGrid\" style=\"text-align: justify;\">\n<div class=\"col6 author\"><\/div>\n<\/div>\n<p style=\"text-align: justify;\">Luego de meterse en los cuartos de final del Torneo Apertura con el triunfo por 1-0 sobre Independiente Rivadavia gracias a un espectacular golazo de chilena de Santiago Montiel, Independiente ya piensa en el duelo clave ante Guaran\u00ed por la quinta fecha del Grupo A de la Copa Sudamericana, que ser\u00e1 este jueves desde las 19.00 en el Estadio Libertadores de Am\u00e9rica &#8211; Ricardo Enrique Bochini.<\/p>\n<p style=\"text-align: justify;\">Mientras aguarda por definir cu\u00e1ndo ser\u00e1 el cruce ante Boca en La Bombonera, que podr\u00eda ser lunes o martes, el Rojo se entren\u00f3 por la ma\u00f1ana y los que fueron titulares ante la Lepra hicieron ejercicios regenerativos para recuperar energ\u00edas de cara al compromiso frente al elenco paraguayo. Julio Vaccari analiza poner lo mejor en busca de una victoria que le deje casi asegurada la clasificaci\u00f3n a octavos.<\/p>\n<p style=\"text-align: justify;\">\u00c1valos, la gran duda en Independiente<br \/>\nGabriel \u00c1valos sufri\u00f3 una lesi\u00f3n muscular en el empate sin goles ante Riestra a fines de abril y fue baja en los \u00faltimos partidos de Independiente. Si bien est\u00e1 en la fase final de la recuperaci\u00f3n y lo evaluar\u00e1n hasta \u00faltimo momento, es muy dif\u00edcil que reaparezca en el equipo ante Guaran\u00ed y reci\u00e9n retornar\u00eda a la lista de convocados para los cuartos del Torneo Apertura ante Boca.<\/p>\n","protected":false},"excerpt":{"rendered":"<div class=\"mh-excerpt\"><p>Tras meterse en cuartos del Torneo Apertura, el Rojo se prepara para recibir a Guaran\u00ed en busca de la clasificaci\u00f3n. Luego de meterse en los cuartos de final del Torneo Apertura con el triunfo por <a class=\"mh-excerpt-more\" href=\"https:\/\/www.masrojo.com.ar\/home\/2025\/05\/14\/a-la-espera-de-gabriel-avalos\/\" title=\"A la espera de Gabriel \u00c1valos\">[&#8230;]<\/a><\/p>\n<\/div>","protected":false},"author":6,"featured_media":71924,"comment_status":"closed","ping_status":"closed","sticky":false,"template":"","format":"image","meta":{"_jetpack_memberships_contains_paid_content":false,"footnotes":"","jetpack_publicize_message":"","jetpack_publicize_feature_enabled":true,"jetpack_social_post_already_shared":true,"jetpack_social_options":{"image_generator_settings":{"template":"highway","enabled":false},"version":2}},"categories":[4],"tags":[],"class_list":{"0":"post-75623","1":"post","2":"type-post","3":"status-publish","4":"format-image","5":"has-post-thumbnail","7":"category-actualidad","8":"post_format-post-format-image"},"jetpack_publicize_connections":[],"jetpack_sharing_enabled":true,"jetpack_featured_media_url":"https:\/\/i0.wp.com\/www.masrojo.com.ar\/home\/wp-content\/uploads\/avalos.jpeg?fit=1888%2C1259&ssl=1","jetpack_shortlink":"https:\/\/wp.me\/p90W9F-jFJ","_links":{"self":[{"href":"https:\/\/www.masrojo.com.ar\/home\/wp-json\/wp\/v2\/posts\/75623"}],"collection":[{"href":"https:\/\/www.masrojo.com.ar\/home\/wp-json\/wp\/v2\/posts"}],"about":[{"href":"https:\/\/www.masrojo.com.ar\/home\/wp-json\/wp\/v2\/types\/post"}],"author":[{"embeddable":true,"href":"https:\/\/www.masrojo.com.ar\/home\/wp-json\/wp\/v2\/users\/6"}],"replies":[{"embeddable":true,"href":"https:\/\/www.masrojo.com.ar\/home\/wp-json\/wp\/v2\/comments?post=75623"}],"version-history":[{"count":1,"href":"https:\/\/www.masrojo.com.ar\/home\/wp-json\/wp\/v2\/posts\/75623\/revisions"}],"predecessor-version":[{"id":75624,"href":"https:\/\/www.masrojo.com.ar\/home\/wp-json\/wp\/v2\/posts\/75623\/revisions\/75624"}],"wp:featuredmedia":[{"embeddable":true,"href":"https:\/\/www.masrojo.com.ar\/home\/wp-json\/wp\/v2\/media\/71924"}],"wp:attachment":[{"href":"https:\/\/www.masrojo.com.ar\/home\/wp-json\/wp\/v2\/media?parent=75623"}],"wp:term":[{"taxonomy":"category","embeddable":true,"href":"https:\/\/www.masrojo.com.ar\/home\/wp-json\/wp\/v2\/categories?post=75623"},{"taxonomy":"post_tag","embeddable":true,"href":"https:\/\/www.masrojo.com.ar\/home\/wp-json\/wp\/v2\/tags?post=75623"}],"curies":[{"name":"wp","href":"https:\/\/api.w.org\/{rel}","templated":true}]}}