{"id":75629,"date":"2025-05-14T10:37:42","date_gmt":"2025-05-14T13:37:42","guid":{"rendered":"https:\/\/www.masrojo.com.ar\/home\/?p=75629"},"modified":"2025-05-14T10:37:42","modified_gmt":"2025-05-14T13:37:42","slug":"las-dudas-de-vaccari-para-los-partidos-ante-guarani-y-boca","status":"publish","type":"post","link":"https:\/\/www.masrojo.com.ar\/home\/2025\/05\/14\/las-dudas-de-vaccari-para-los-partidos-ante-guarani-y-boca\/","title":{"rendered":"Las dudas de Vaccari para los partidos ante Guaran\u00ed y Boca"},"content":{"rendered":"<p style=\"text-align: justify;\">Con Galdames y \u00c1valos a\u00fan no recuperados, c\u00f3mo afrontar\u00e1 el entrenador del Rojo los encuentros decisivos de Sudamericana y torneo local.<\/p>\n<p style=\"text-align: justify;\">Independiente atraviesa un gran momento. Luego de clasificar a octavos de final del Torneo Apertura tras ganarle 1-0 a Independiente Rivadavia con un verdadero golazo de Santiago Montiel, en el Rojo ya se entrenan pensando en el crucial duelo ante Guaran\u00ed por la Copa Sudamericana este jueves y en el enfrentamiento con Boca del pr\u00f3ximo lunes.<\/p>\n<p style=\"text-align: justify;\">En el entrenamiento de esta ma\u00f1ana el entrenador, Julio Vaccari, decidi\u00f3 no parar un once titular. Seg\u00fan pudo saber TyC Sports, la duda principal es si pone lo mejor en Copa o se guarda para el partido contra el Xeneize. La \u00fanica certeza es que el uruguayo Rodrigo Fern\u00e1ndez Cedr\u00e9s ser\u00e1 el reemplazante de Iv\u00e1n Marcone, que debe una fecha por la expulsi\u00f3n ante el conjunto paraguayo.<\/p>\n<p style=\"text-align: justify;\">Adem\u00e1s, Gabriel \u00c1valos y Pablo Galdames, que sufrieron lesiones musculares durante el partido ante Deportivo Riestra, contin\u00faan en recuperaci\u00f3n. Post partido ante la Lepra mendocina, Vaccari asegur\u00f3 que el volante chileno estaba \u00aben condiciones de jugar\u00bb pero que no lo puso porque consider\u00f3 que \u00abtal vez era mucho tiempo por la inactividad que tiene\u00bb.<\/p>\n<p style=\"text-align: justify;\">\u00c1valos, no convocado para el domingo, finalmente tambi\u00e9n qued\u00f3 descartado para este jueves, por lo que ahora todos los ca\u00f1ones de su regreso quedaron apuntados hacia el lunes por el certamen local.<\/p>\n<p style=\"text-align: justify;\">Independiente se juega el primer puesto del grupo A de la Sudamericana. El l\u00edder es Guaran\u00ed con ocho puntos, el Rojo lo sigue de atr\u00e1s con seis y tercero y cuarto se ubican Nacional Potos\u00ed y Boston River con cuatro unidades respectivamente por la diferencia de gol. Por lo cual el encuentro del jueves es de los m\u00e1s importantes del semestre.<\/p>\n<p style=\"text-align: justify;\">Por otra parte, el duelo frente a Boca por los cuartos de final en La Bombonera a las 21.30 tambi\u00e9n tiene una importancia similar, ya que, en caso de ganar, en Avellaneda se afirmar\u00eda como uno de los candidatos a obtener el t\u00edtulo local, que no lo ganan hace m\u00e1s de 20 a\u00f1os, en el Apertura 2002 de la mano de Am\u00e9rico Rub\u00e9n Gallego.<\/p>\n","protected":false},"excerpt":{"rendered":"<div class=\"mh-excerpt\"><p>Con Galdames y \u00c1valos a\u00fan no recuperados, c\u00f3mo afrontar\u00e1 el entrenador del Rojo los encuentros decisivos de Sudamericana y torneo local. Independiente atraviesa un gran momento. Luego de clasificar a octavos de final del Torneo <a class=\"mh-excerpt-more\" href=\"https:\/\/www.masrojo.com.ar\/home\/2025\/05\/14\/las-dudas-de-vaccari-para-los-partidos-ante-guarani-y-boca\/\" title=\"Las dudas de Vaccari para los partidos ante Guaran\u00ed y Boca\">[&#8230;]<\/a><\/p>\n<\/div>","protected":false},"author":6,"featured_media":74263,"comment_status":"closed","ping_status":"closed","sticky":false,"template":"","format":"image","meta":{"_jetpack_memberships_contains_paid_content":false,"footnotes":"","jetpack_publicize_message":"","jetpack_publicize_feature_enabled":true,"jetpack_social_post_already_shared":true,"jetpack_social_options":{"image_generator_settings":{"template":"highway","enabled":false},"version":2}},"categories":[4],"tags":[],"class_list":{"0":"post-75629","1":"post","2":"type-post","3":"status-publish","4":"format-image","5":"has-post-thumbnail","7":"category-actualidad","8":"post_format-post-format-image"},"jetpack_publicize_connections":[],"jetpack_sharing_enabled":true,"jetpack_featured_media_url":"https:\/\/i0.wp.com\/www.masrojo.com.ar\/home\/wp-content\/uploads\/vaccari-entrenando.jpeg?fit=2048%2C1365&ssl=1","jetpack_shortlink":"https:\/\/wp.me\/p90W9F-jFP","_links":{"self":[{"href":"https:\/\/www.masrojo.com.ar\/home\/wp-json\/wp\/v2\/posts\/75629"}],"collection":[{"href":"https:\/\/www.masrojo.com.ar\/home\/wp-json\/wp\/v2\/posts"}],"about":[{"href":"https:\/\/www.masrojo.com.ar\/home\/wp-json\/wp\/v2\/types\/post"}],"author":[{"embeddable":true,"href":"https:\/\/www.masrojo.com.ar\/home\/wp-json\/wp\/v2\/users\/6"}],"replies":[{"embeddable":true,"href":"https:\/\/www.masrojo.com.ar\/home\/wp-json\/wp\/v2\/comments?post=75629"}],"version-history":[{"count":1,"href":"https:\/\/www.masrojo.com.ar\/home\/wp-json\/wp\/v2\/posts\/75629\/revisions"}],"predecessor-version":[{"id":75630,"href":"https:\/\/www.masrojo.com.ar\/home\/wp-json\/wp\/v2\/posts\/75629\/revisions\/75630"}],"wp:featuredmedia":[{"embeddable":true,"href":"https:\/\/www.masrojo.com.ar\/home\/wp-json\/wp\/v2\/media\/74263"}],"wp:attachment":[{"href":"https:\/\/www.masrojo.com.ar\/home\/wp-json\/wp\/v2\/media?parent=75629"}],"wp:term":[{"taxonomy":"category","embeddable":true,"href":"https:\/\/www.masrojo.com.ar\/home\/wp-json\/wp\/v2\/categories?post=75629"},{"taxonomy":"post_tag","embeddable":true,"href":"https:\/\/www.masrojo.com.ar\/home\/wp-json\/wp\/v2\/tags?post=75629"}],"curies":[{"name":"wp","href":"https:\/\/api.w.org\/{rel}","templated":true}]}}