{"id":75672,"date":"2025-05-21T14:29:27","date_gmt":"2025-05-21T17:29:27","guid":{"rendered":"https:\/\/www.masrojo.com.ar\/home\/?p=75672"},"modified":"2025-05-21T14:29:27","modified_gmt":"2025-05-21T17:29:27","slug":"como-esta-gabriel-avalos-y-cuando-podria-volver","status":"publish","type":"post","link":"https:\/\/www.masrojo.com.ar\/home\/2025\/05\/21\/como-esta-gabriel-avalos-y-cuando-podria-volver\/","title":{"rendered":"C\u00f3mo est\u00e1 Gabriel \u00c1valos y cu\u00e1ndo podr\u00eda volver"},"content":{"rendered":"<p>El delantero paraguayo fue citado por Julio Vaccari para el duelo ante Boca, pero no sum\u00f3 minutos y podr\u00eda reaparecer frente a Hurac\u00e1n.<\/p>\n<p>Independiente se prepara para enfrentar a Hurac\u00e1n este s\u00e1bado desde las 18.30 por una de las semifinales del Apertura y una de las dudas pasa por la presencia del delantero paraguayo Gabriel \u00c1valos, quien si bien fue al banco contra Boca no sum\u00f3 minutos.<\/p>\n<p>El goleador del Rojo hab\u00eda sufrido un desgarro en uno de sus isquiotibiales a fines de abril, tras el empate 0-0 ante Deportivo Riestra y en la v\u00edspera de su visita a Atl\u00e9tico Tucum\u00e1n. La recuperaci\u00f3n lo oblig\u00f3 a perderse los \u00faltimos seis partidos: las derrotas ante el Decano y Rosario Central, y los triunfos sobre Independiente Rivadavia, Boston River, Guaran\u00ed y Boca.<\/p>\n<p>Como frente al Xeneize no fue necesario, ya que el equipo se qued\u00f3 con la clasificaci\u00f3n, el entrenador Julio Vaccari no lo arriesg\u00f3, pero todo indica que dir\u00e1 presente frente al conjunto de Parque Patricios.<\/p>\n<p>Por tiempos, la realidad es que el futbolista de 34 a\u00f1os llegar\u00e1 en buenas condiciones, pero hay que ver si el DT apuesta por \u00e9l ya que viene sin rodaje. El entrenamiento de este mi\u00e9rcoles, que marc\u00f3 el regreso tras el d\u00eda libre, fue un regenerativo que no es un indicio, aunque salvo una sorpresa, el nueve volver\u00eda en el Libertadores de Am\u00e9rica&#8230;<\/p>\n","protected":false},"excerpt":{"rendered":"<div class=\"mh-excerpt\"><p>El delantero paraguayo fue citado por Julio Vaccari para el duelo ante Boca, pero no sum\u00f3 minutos y podr\u00eda reaparecer frente a Hurac\u00e1n. Independiente se prepara para enfrentar a Hurac\u00e1n este s\u00e1bado desde las 18.30 <a class=\"mh-excerpt-more\" href=\"https:\/\/www.masrojo.com.ar\/home\/2025\/05\/21\/como-esta-gabriel-avalos-y-cuando-podria-volver\/\" title=\"C\u00f3mo est\u00e1 Gabriel \u00c1valos y cu\u00e1ndo podr\u00eda volver\">[&#8230;]<\/a><\/p>\n<\/div>","protected":false},"author":6,"featured_media":71924,"comment_status":"closed","ping_status":"closed","sticky":false,"template":"","format":"image","meta":{"_jetpack_memberships_contains_paid_content":false,"footnotes":"","jetpack_publicize_message":"","jetpack_publicize_feature_enabled":true,"jetpack_social_post_already_shared":true,"jetpack_social_options":{"image_generator_settings":{"template":"highway","enabled":false},"version":2}},"categories":[4],"tags":[],"class_list":{"0":"post-75672","1":"post","2":"type-post","3":"status-publish","4":"format-image","5":"has-post-thumbnail","7":"category-actualidad","8":"post_format-post-format-image"},"jetpack_publicize_connections":[],"jetpack_sharing_enabled":true,"jetpack_featured_media_url":"https:\/\/i0.wp.com\/www.masrojo.com.ar\/home\/wp-content\/uploads\/avalos.jpeg?fit=1888%2C1259&ssl=1","jetpack_shortlink":"https:\/\/wp.me\/p90W9F-jGw","_links":{"self":[{"href":"https:\/\/www.masrojo.com.ar\/home\/wp-json\/wp\/v2\/posts\/75672"}],"collection":[{"href":"https:\/\/www.masrojo.com.ar\/home\/wp-json\/wp\/v2\/posts"}],"about":[{"href":"https:\/\/www.masrojo.com.ar\/home\/wp-json\/wp\/v2\/types\/post"}],"author":[{"embeddable":true,"href":"https:\/\/www.masrojo.com.ar\/home\/wp-json\/wp\/v2\/users\/6"}],"replies":[{"embeddable":true,"href":"https:\/\/www.masrojo.com.ar\/home\/wp-json\/wp\/v2\/comments?post=75672"}],"version-history":[{"count":1,"href":"https:\/\/www.masrojo.com.ar\/home\/wp-json\/wp\/v2\/posts\/75672\/revisions"}],"predecessor-version":[{"id":75673,"href":"https:\/\/www.masrojo.com.ar\/home\/wp-json\/wp\/v2\/posts\/75672\/revisions\/75673"}],"wp:featuredmedia":[{"embeddable":true,"href":"https:\/\/www.masrojo.com.ar\/home\/wp-json\/wp\/v2\/media\/71924"}],"wp:attachment":[{"href":"https:\/\/www.masrojo.com.ar\/home\/wp-json\/wp\/v2\/media?parent=75672"}],"wp:term":[{"taxonomy":"category","embeddable":true,"href":"https:\/\/www.masrojo.com.ar\/home\/wp-json\/wp\/v2\/categories?post=75672"},{"taxonomy":"post_tag","embeddable":true,"href":"https:\/\/www.masrojo.com.ar\/home\/wp-json\/wp\/v2\/tags?post=75672"}],"curies":[{"name":"wp","href":"https:\/\/api.w.org\/{rel}","templated":true}]}}