{"id":75709,"date":"2025-05-29T09:48:17","date_gmt":"2025-05-29T12:48:17","guid":{"rendered":"https:\/\/www.masrojo.com.ar\/home\/?p=75709"},"modified":"2025-05-29T09:48:17","modified_gmt":"2025-05-29T12:48:17","slug":"el-equipo-represento-a-la-institucion-y-a-la-gente-de-la-mejor-manera","status":"publish","type":"post","link":"https:\/\/www.masrojo.com.ar\/home\/2025\/05\/29\/el-equipo-represento-a-la-institucion-y-a-la-gente-de-la-mejor-manera\/","title":{"rendered":"\u00abEl equipo represent\u00f3 a la instituci\u00f3n y a la gente de la mejor manera\u00bb"},"content":{"rendered":"<p>Luego de la goleada 7-0 ante Nacional de Potos\u00ed y la clasificaci\u00f3n a los octavos de final de la Copa Sudamericana el entrenador de Independiente, Julio Vaccari, brind\u00f3 una conferencia de prensa.<\/p>\n<p>Vaccari declar\u00f3: <em>\u00abCuando uno empieza algo se tiene que plantear objetivos e ir por ello, y se cumplieron con creces. El equipo represent\u00f3 a la instituci\u00f3n y a la gente de la mejor manera, tanto a nivel local como internacional. Al ver desde d\u00f3nde venimos, es muy positivo el balance. No dejo de sentir orgullo y gratitud por lo que hicieron estos futbolistas\u00bb.<\/em><\/p>\n<p>Luego, el entrenador manifest\u00f3 sus sentimientos tras ganar luego de la eliminaci\u00f3n el fin de semana ante Hurac\u00e1n en los playoffs del Torneo Apertura: <em>\u00abEn lo personal es algo que reconforta muy poco, pero les dije a los chicos que hab\u00eda que sacar todo lo negativo que pudo haber quedado. Esta instituci\u00f3n no da tiempo ni para festejar las alegr\u00edas ni para hacer los duelos\u00bb.<\/em><\/p>\n<p>Adem\u00e1s, el t\u00e9cnico habl\u00f3 sobre el mercado de pases pr\u00f3ximo: <em>\u00abUna cosa es la idea y lo que uno quiere, pero despu\u00e9s hay situaciones que condicionan. Cuando se plantean los objetivos tiene que ser en base a lo que ten\u00e9s al alcance de tus manos. Pod\u00e9s ser o no candidato, pero despu\u00e9s hay que ver c\u00f3mo se desarrolla todo. Si te venden tres futbolistas y no ten\u00e9s plata para comprar otros, es dif\u00edcil pensar que pod\u00e9s serlo. Los equipos que tienen el poder\u00edo econ\u00f3mico para incorporar son los candidatos en cualquier parte del mundo\u00bb<\/em>. Luego, agreg\u00f3: <em>\u00abLo que tiene el F\u00fatbol Argentino es que le da chances a aquellos que, en un principio, no parecen ser candidatos\u00bb.<\/em><\/p>\n<p><em>\u00abTodav\u00eda no habl\u00e9 con nadie del club sobre el tema, por respeto a los futbolistas que hoy est\u00e1n dando la vida en casa partido, los dirigentes ya saben cu\u00e1l es la b\u00fasqueda porque es la misma que desde el principio. Todav\u00eda no se saldaron las deudas en cuanto al armado del equipo, pero m\u00e1s que eso no puedo decir. <\/em><em>Cuando yo llegu\u00e9 el diagn\u00f3stico que hice fue que no hab\u00eda un buen ciclo etario, con muchos j\u00f3venes y muchos jugadores grandes. Hacen falta futbolistas que aporten jerarqu\u00eda al plantel y sean mejores que los que tenemos, de entre 20 y 25 a\u00f1os para que puedan hacer buenas temporadas en Independiente y luego dejarle dinero al club\u00bb<\/em>.<\/p>\n<p>Tambi\u00e9n, Vaccari habl\u00f3 sobre la posibilidad de lograr el t\u00edtulo de la Copa Sudamericana: <em>\u00abHay que ser mesurado a la hora de la b\u00fasqueda. Yo siempre estoy ilusionado. Hay que aferrarse a eso y luego ver cu\u00e1les son las posibilidades reales, pero la ilusi\u00f3n siempre est\u00e1\u00bb.<\/em><\/p>\n<p>El contrato de Julio vence en diciembre de este a\u00f1o, y el mismo opin\u00f3 sobre su continuidad:<em> \u00abSi fuera por m\u00ed me quedar\u00eda a vivir ac\u00e1. Estar\u00eda haciendo futurolog\u00eda al decir qu\u00e9 va a pasar, pero yo estoy muy feliz. Yo tengo contrato hasta dentro de 6 meses, y eso no quita que ma\u00f1ana se pueda terminar todo, en este f\u00fatbol nunca se sabe, todos en la instituci\u00f3n tenemos que estar encolumnados en los mismos objetivos. No me quedar\u00eda en un lugar donde no coincidiera en cuestiones importantes de coyuntura dentro del club\u00bb.<\/em><\/p>\n","protected":false},"excerpt":{"rendered":"<div class=\"mh-excerpt\"><p>Luego de la goleada 7-0 ante Nacional de Potos\u00ed y la clasificaci\u00f3n a los octavos de final de la Copa Sudamericana el entrenador de Independiente, Julio Vaccari, brind\u00f3 una conferencia de prensa. Vaccari declar\u00f3: \u00abCuando <a class=\"mh-excerpt-more\" href=\"https:\/\/www.masrojo.com.ar\/home\/2025\/05\/29\/el-equipo-represento-a-la-institucion-y-a-la-gente-de-la-mejor-manera\/\" title=\"\u00abEl equipo represent\u00f3 a la instituci\u00f3n y a la gente de la mejor manera\u00bb\">[&#8230;]<\/a><\/p>\n<\/div>","protected":false},"author":6,"featured_media":75710,"comment_status":"closed","ping_status":"closed","sticky":false,"template":"","format":"standard","meta":{"_jetpack_memberships_contains_paid_content":false,"footnotes":"","jetpack_publicize_message":"","jetpack_publicize_feature_enabled":true,"jetpack_social_post_already_shared":true,"jetpack_social_options":{"image_generator_settings":{"template":"highway","enabled":false},"version":2}},"categories":[4],"tags":[],"class_list":{"0":"post-75709","1":"post","2":"type-post","3":"status-publish","4":"format-standard","5":"has-post-thumbnail","7":"category-actualidad"},"jetpack_publicize_connections":[],"jetpack_sharing_enabled":true,"jetpack_featured_media_url":"https:\/\/i0.wp.com\/www.masrojo.com.ar\/home\/wp-content\/uploads\/vaccari-2-scaled.jpg?fit=2560%2C1707&ssl=1","jetpack_shortlink":"https:\/\/wp.me\/p90W9F-jH7","_links":{"self":[{"href":"https:\/\/www.masrojo.com.ar\/home\/wp-json\/wp\/v2\/posts\/75709"}],"collection":[{"href":"https:\/\/www.masrojo.com.ar\/home\/wp-json\/wp\/v2\/posts"}],"about":[{"href":"https:\/\/www.masrojo.com.ar\/home\/wp-json\/wp\/v2\/types\/post"}],"author":[{"embeddable":true,"href":"https:\/\/www.masrojo.com.ar\/home\/wp-json\/wp\/v2\/users\/6"}],"replies":[{"embeddable":true,"href":"https:\/\/www.masrojo.com.ar\/home\/wp-json\/wp\/v2\/comments?post=75709"}],"version-history":[{"count":1,"href":"https:\/\/www.masrojo.com.ar\/home\/wp-json\/wp\/v2\/posts\/75709\/revisions"}],"predecessor-version":[{"id":75711,"href":"https:\/\/www.masrojo.com.ar\/home\/wp-json\/wp\/v2\/posts\/75709\/revisions\/75711"}],"wp:featuredmedia":[{"embeddable":true,"href":"https:\/\/www.masrojo.com.ar\/home\/wp-json\/wp\/v2\/media\/75710"}],"wp:attachment":[{"href":"https:\/\/www.masrojo.com.ar\/home\/wp-json\/wp\/v2\/media?parent=75709"}],"wp:term":[{"taxonomy":"category","embeddable":true,"href":"https:\/\/www.masrojo.com.ar\/home\/wp-json\/wp\/v2\/categories?post=75709"},{"taxonomy":"post_tag","embeddable":true,"href":"https:\/\/www.masrojo.com.ar\/home\/wp-json\/wp\/v2\/tags?post=75709"}],"curies":[{"name":"wp","href":"https:\/\/api.w.org\/{rel}","templated":true}]}}