{"id":75715,"date":"2025-05-29T10:05:01","date_gmt":"2025-05-29T13:05:01","guid":{"rendered":"https:\/\/www.masrojo.com.ar\/home\/?p=75715"},"modified":"2025-06-09T14:59:04","modified_gmt":"2025-06-09T17:59:04","slug":"parte-medico-de-sebastian-valdez","status":"publish","type":"post","link":"https:\/\/www.masrojo.com.ar\/home\/2025\/05\/29\/parte-medico-de-sebastian-valdez\/","title":{"rendered":"Parte m\u00e9dico de Sebasti\u00e1n Valdez"},"content":{"rendered":"<p>Esta ma\u00f1ana fue operado Sebasti\u00e1n Valdez con \u00e9xito del tend\u00f3n peroneo de la pierna derecha, luego de disputar el encuentro ante Nacional Potos\u00ed en el cual gan\u00f3 Independiente por 7 a 0 y sell\u00f3 el pase a octavos de final de la Copa Sudamericana.<\/p>\n<p>De esta forma, el futbolista comenz\u00f3 su recuperaci\u00f3n, y ser\u00e1 baja para Julio Vaccari por 60 d\u00edas aproximadamente, dependiendo de su evoluci\u00f3n.<\/p>\n<p>&nbsp;<\/p>\n<blockquote class=\"twitter-tweet\">\n<p dir=\"ltr\" lang=\"es\">&#x1f4cc; Parte m\u00e9dico oficial: Sebasti\u00e1n Vald\u00e9z<\/p>\n<p>El defensor fue operado con \u00e9xito del tend\u00f3n peroneo de la pierna derecha y ya comienza con la recuperaci\u00f3n para regresar lo antes posible.<\/p>\n<p>\u00a1A volver con todo, Seba! <a href=\"https:\/\/t.co\/YCElIQjExS\">pic.twitter.com\/YCElIQjExS<\/a><\/p>\n<p>\u2014 C. A. Independiente (@Independiente) <a href=\"https:\/\/twitter.com\/Independiente\/status\/1928054125863805243?ref_src=twsrc%5Etfw\">May 29, 2025<\/a><\/p><\/blockquote>\n<p><script async src=\"https:\/\/platform.twitter.com\/widgets.js\" charset=\"utf-8\"><\/script><\/p>\n","protected":false},"excerpt":{"rendered":"<div class=\"mh-excerpt\"><p>Esta ma\u00f1ana fue operado Sebasti\u00e1n Valdez con \u00e9xito del tend\u00f3n peroneo de la pierna derecha, luego de disputar el encuentro ante Nacional Potos\u00ed en el cual gan\u00f3 Independiente por 7 a 0 y sell\u00f3 el <a class=\"mh-excerpt-more\" href=\"https:\/\/www.masrojo.com.ar\/home\/2025\/05\/29\/parte-medico-de-sebastian-valdez\/\" title=\"Parte m\u00e9dico de Sebasti\u00e1n Valdez\">[&#8230;]<\/a><\/p>\n<\/div>","protected":false},"author":6,"featured_media":75716,"comment_status":"closed","ping_status":"closed","sticky":false,"template":"","format":"standard","meta":{"_jetpack_memberships_contains_paid_content":false,"footnotes":"","jetpack_publicize_message":"","jetpack_publicize_feature_enabled":true,"jetpack_social_post_already_shared":true,"jetpack_social_options":{"image_generator_settings":{"template":"highway","enabled":false},"version":2}},"categories":[4],"tags":[],"class_list":{"0":"post-75715","1":"post","2":"type-post","3":"status-publish","4":"format-standard","5":"has-post-thumbnail","7":"category-actualidad"},"jetpack_publicize_connections":[],"jetpack_sharing_enabled":true,"jetpack_featured_media_url":"https:\/\/i0.wp.com\/www.masrojo.com.ar\/home\/wp-content\/uploads\/valdez.jpg?fit=680%2C454&ssl=1","jetpack_shortlink":"https:\/\/wp.me\/p90W9F-jHd","_links":{"self":[{"href":"https:\/\/www.masrojo.com.ar\/home\/wp-json\/wp\/v2\/posts\/75715"}],"collection":[{"href":"https:\/\/www.masrojo.com.ar\/home\/wp-json\/wp\/v2\/posts"}],"about":[{"href":"https:\/\/www.masrojo.com.ar\/home\/wp-json\/wp\/v2\/types\/post"}],"author":[{"embeddable":true,"href":"https:\/\/www.masrojo.com.ar\/home\/wp-json\/wp\/v2\/users\/6"}],"replies":[{"embeddable":true,"href":"https:\/\/www.masrojo.com.ar\/home\/wp-json\/wp\/v2\/comments?post=75715"}],"version-history":[{"count":2,"href":"https:\/\/www.masrojo.com.ar\/home\/wp-json\/wp\/v2\/posts\/75715\/revisions"}],"predecessor-version":[{"id":75736,"href":"https:\/\/www.masrojo.com.ar\/home\/wp-json\/wp\/v2\/posts\/75715\/revisions\/75736"}],"wp:featuredmedia":[{"embeddable":true,"href":"https:\/\/www.masrojo.com.ar\/home\/wp-json\/wp\/v2\/media\/75716"}],"wp:attachment":[{"href":"https:\/\/www.masrojo.com.ar\/home\/wp-json\/wp\/v2\/media?parent=75715"}],"wp:term":[{"taxonomy":"category","embeddable":true,"href":"https:\/\/www.masrojo.com.ar\/home\/wp-json\/wp\/v2\/categories?post=75715"},{"taxonomy":"post_tag","embeddable":true,"href":"https:\/\/www.masrojo.com.ar\/home\/wp-json\/wp\/v2\/tags?post=75715"}],"curies":[{"name":"wp","href":"https:\/\/api.w.org\/{rel}","templated":true}]}}