{"id":75895,"date":"2025-08-01T21:26:49","date_gmt":"2025-08-02T00:26:49","guid":{"rendered":"https:\/\/www.masrojo.com.ar\/home\/?p=75895"},"modified":"2025-08-01T21:26:49","modified_gmt":"2025-08-02T00:26:49","slug":"momento-dificil-fue-cuando-agarre","status":"publish","type":"post","link":"https:\/\/www.masrojo.com.ar\/home\/2025\/08\/01\/momento-dificil-fue-cuando-agarre\/","title":{"rendered":"\u00abMomento dif\u00edcil fue cuando agarr\u00e9\u00bb"},"content":{"rendered":"<p class=\"nota__heading__subtitle\">El entrenador del Rojo habl\u00f3 en conferencia de prensa luego de la eliminaci\u00f3n de la Copa Argentina.<\/p>\n<div class=\"nota__heading__author\">\n<p>Tras la derrota ante el Pirata, el entrenador del Rojo habl\u00f3 en conferencia de prensa y fue contundente sobre la actualidad del equipo: \u00ab<em><strong>Hoy no es un momento dif\u00edcil. Momento dif\u00edcil fue cuando agarr\u00e9, que perd\u00edamos tres partidos y pele\u00e1bamos el descenso<\/strong><\/em>\u00ab.<\/p>\n<p>Adem\u00e1s, a\u00f1adi\u00f3: \u00ab<em><strong>El f\u00fatbol es esto. Con el semestre pasado que tuvimos\u00a0todo el mundo espera que Independiente pase por encima a los rivales y salga campe\u00f3n, y en aquel momento mucha gente dec\u00edamos que eramos el mejor equipo. Hoy para muchos somos el peor, pero no es ni una ni la otra<\/strong><\/em>\u00bb<\/p>\n<p>\u00ab<em><strong>M\u00e1s all\u00e1 del resultado yo sigo estando orgulloso de estos futbolistas. Por c\u00f3mo entrenan, por c\u00f3mo buscan y por sus formas, me representan. Vuelvo a repetir, cuando todos buscamos y pudimos alinearnos detr\u00e1s de algo, le competimos de igual a igual a todos\u00bb<\/strong><\/em>, agreg\u00f3 el entrenador sobre el nivel de sus futbolistas.<\/p>\n<p>Para finalizar, concluy con cierto optimismo: \u00ab<em><strong>Tengo una sensaci\u00f3n amarga en mi interior. Me gust\u00f3 el desarrollo del primer tiempo de nuestro equipo, creo que hay cosas positivas para rescatar<\/strong><\/em>\u00ab.<\/p>\n<p><iframe loading=\"lazy\" title=\"YouTube video player\" src=\"https:\/\/www.youtube.com\/embed\/m-UFABI2s6M?si=3PRMfHHyAdPoh2PG\" width=\"560\" height=\"315\" frameborder=\"0\" allowfullscreen=\"allowfullscreen\"><\/iframe><\/p>\n<\/div>\n","protected":false},"excerpt":{"rendered":"<div class=\"mh-excerpt\"><p>El entrenador del Rojo habl\u00f3 en conferencia de prensa luego de la eliminaci\u00f3n de la Copa Argentina. Tras la derrota ante el Pirata, el entrenador del Rojo habl\u00f3 en conferencia de prensa y fue contundente <a class=\"mh-excerpt-more\" href=\"https:\/\/www.masrojo.com.ar\/home\/2025\/08\/01\/momento-dificil-fue-cuando-agarre\/\" title=\"\u00abMomento dif\u00edcil fue cuando agarr\u00e9\u00bb\">[&#8230;]<\/a><\/p>\n<\/div>","protected":false},"author":6,"featured_media":75896,"comment_status":"closed","ping_status":"closed","sticky":false,"template":"","format":"video","meta":{"_jetpack_memberships_contains_paid_content":false,"footnotes":"","jetpack_publicize_message":"","jetpack_publicize_feature_enabled":true,"jetpack_social_post_already_shared":true,"jetpack_social_options":{"image_generator_settings":{"template":"highway","enabled":false},"version":2}},"categories":[4],"tags":[],"class_list":{"0":"post-75895","1":"post","2":"type-post","3":"status-publish","4":"format-video","5":"has-post-thumbnail","7":"category-actualidad","8":"post_format-post-format-video"},"jetpack_publicize_connections":[],"jetpack_sharing_enabled":true,"jetpack_featured_media_url":"https:\/\/i0.wp.com\/www.masrojo.com.ar\/home\/wp-content\/uploads\/b8e91f4d6165958c7ab62929cc7af45ab794dab5.jpg?fit=1255%2C900&ssl=1","jetpack_shortlink":"https:\/\/wp.me\/p90W9F-jK7","_links":{"self":[{"href":"https:\/\/www.masrojo.com.ar\/home\/wp-json\/wp\/v2\/posts\/75895"}],"collection":[{"href":"https:\/\/www.masrojo.com.ar\/home\/wp-json\/wp\/v2\/posts"}],"about":[{"href":"https:\/\/www.masrojo.com.ar\/home\/wp-json\/wp\/v2\/types\/post"}],"author":[{"embeddable":true,"href":"https:\/\/www.masrojo.com.ar\/home\/wp-json\/wp\/v2\/users\/6"}],"replies":[{"embeddable":true,"href":"https:\/\/www.masrojo.com.ar\/home\/wp-json\/wp\/v2\/comments?post=75895"}],"version-history":[{"count":1,"href":"https:\/\/www.masrojo.com.ar\/home\/wp-json\/wp\/v2\/posts\/75895\/revisions"}],"predecessor-version":[{"id":75897,"href":"https:\/\/www.masrojo.com.ar\/home\/wp-json\/wp\/v2\/posts\/75895\/revisions\/75897"}],"wp:featuredmedia":[{"embeddable":true,"href":"https:\/\/www.masrojo.com.ar\/home\/wp-json\/wp\/v2\/media\/75896"}],"wp:attachment":[{"href":"https:\/\/www.masrojo.com.ar\/home\/wp-json\/wp\/v2\/media?parent=75895"}],"wp:term":[{"taxonomy":"category","embeddable":true,"href":"https:\/\/www.masrojo.com.ar\/home\/wp-json\/wp\/v2\/categories?post=75895"},{"taxonomy":"post_tag","embeddable":true,"href":"https:\/\/www.masrojo.com.ar\/home\/wp-json\/wp\/v2\/tags?post=75895"}],"curies":[{"name":"wp","href":"https:\/\/api.w.org\/{rel}","templated":true}]}}