{"id":75905,"date":"2025-08-04T17:52:59","date_gmt":"2025-08-04T20:52:59","guid":{"rendered":"https:\/\/www.masrojo.com.ar\/home\/?p=75905"},"modified":"2025-08-04T17:53:00","modified_gmt":"2025-08-04T20:53:00","slug":"comunicado-de-independiente-tras-las-declaraciones-de-angulo","status":"publish","type":"post","link":"https:\/\/www.masrojo.com.ar\/home\/2025\/08\/04\/comunicado-de-independiente-tras-las-declaraciones-de-angulo\/","title":{"rendered":"Comunicado de Independiente tras las declaraciones de Angulo"},"content":{"rendered":"<p>Una de las novelas del mercado de pases de Independiente tuvo como protagonista a \u00c1lvaro Angulo. El lateral izquierdo lleg\u00f3 desde Atl\u00e9tico Nacional a comienzos de a\u00f1o y en junio se fue a Pumas de M\u00e9xico en conflicto con los dirigentes. Este s\u00e1bado por la noche, el colombiano volvi\u00f3 a hablar del tema y revel\u00f3 por qu\u00e9 se enfrent\u00f3 a la Comisi\u00f3n Directiva del Rojo.<\/p>\n<p>\u00abLo que pas\u00f3 fue que, cuando yo llego a Independiente, lo hago libre de Atl\u00e9tico Nacional y a la firma Independiente ten\u00eda que pagarme una prima porque yo le estaba vendiendo el pase. Es algo que le quiero aclarar a la gente, le vendo el 85% de mi pase y no el 50% como se dijo\u00bb, explic\u00f3 en una entrevista con ESPN Colombia.<\/p>\n<p>\u00abCuando entro en esa discusi\u00f3n con Independiente, lo que yo les digo es que, como yo miraba muchos pases que estaban entrando a Independiente, muchas compras, necesitaba que se pusieran al d\u00eda conmigo. De las dos cuotas que ten\u00edan que pagarme en marzo y en junio no lo hab\u00edan hecho\u00bb, prosigui\u00f3 m\u00e1s tarde. \u00abLes dije que tienen plata para comprar jugadores y al jugador que pertenece a ustedes no lo tienen al d\u00eda. Nunca ped\u00ed un aumento de salario, solo que se pusieran al d\u00eda con la prima que hab\u00edamos acordado al momento de la firma\u00bb, concluy\u00f3.<\/p>\n<p>Ante los dichos del jugador, Independiente respondi\u00f3 con el siguiente comunicado:<\/p>\n<p><a href=\"https:\/\/www.masrojo.com.ar\/home\/2025\/08\/04\/comunicado-de-independiente-tras-las-declaraciones-de-angulo\/comunicado-angulo\/\" rel=\"attachment wp-att-75906\"><img data-recalc-dims=\"1\" loading=\"lazy\" decoding=\"async\" class=\"aligncenter size-full wp-image-75906\" src=\"https:\/\/i0.wp.com\/www.masrojo.com.ar\/home\/wp-content\/uploads\/comunicado-angulo.jpg?resize=920%2C977&#038;ssl=1\" alt=\"\" width=\"920\" height=\"977\" srcset=\"https:\/\/i0.wp.com\/www.masrojo.com.ar\/home\/wp-content\/uploads\/comunicado-angulo.jpg?w=920&amp;ssl=1 920w, https:\/\/i0.wp.com\/www.masrojo.com.ar\/home\/wp-content\/uploads\/comunicado-angulo.jpg?resize=282%2C300&amp;ssl=1 282w, https:\/\/i0.wp.com\/www.masrojo.com.ar\/home\/wp-content\/uploads\/comunicado-angulo.jpg?resize=768%2C816&amp;ssl=1 768w\" sizes=\"(max-width: 920px) 100vw, 920px\" \/><\/a><\/p>\n<p>Adem\u00e1s, anexo al mismo, se adjuntaron im\u00e1genes del contrato del jugador con la instituci\u00f3n.<\/p>\n<p><a href=\"https:\/\/www.masrojo.com.ar\/home\/2025\/08\/04\/comunicado-de-independiente-tras-las-declaraciones-de-angulo\/contrato-angulo\/\" rel=\"attachment wp-att-75907\"><img data-recalc-dims=\"1\" loading=\"lazy\" decoding=\"async\" class=\"aligncenter size-full wp-image-75907\" src=\"https:\/\/i0.wp.com\/www.masrojo.com.ar\/home\/wp-content\/uploads\/contrato-angulo.jpg?resize=1640%2C1221&#038;ssl=1\" alt=\"\" width=\"1640\" height=\"1221\" srcset=\"https:\/\/i0.wp.com\/www.masrojo.com.ar\/home\/wp-content\/uploads\/contrato-angulo.jpg?w=1640&amp;ssl=1 1640w, https:\/\/i0.wp.com\/www.masrojo.com.ar\/home\/wp-content\/uploads\/contrato-angulo.jpg?resize=300%2C223&amp;ssl=1 300w, https:\/\/i0.wp.com\/www.masrojo.com.ar\/home\/wp-content\/uploads\/contrato-angulo.jpg?resize=1024%2C762&amp;ssl=1 1024w, https:\/\/i0.wp.com\/www.masrojo.com.ar\/home\/wp-content\/uploads\/contrato-angulo.jpg?resize=768%2C572&amp;ssl=1 768w, https:\/\/i0.wp.com\/www.masrojo.com.ar\/home\/wp-content\/uploads\/contrato-angulo.jpg?resize=1536%2C1144&amp;ssl=1 1536w, https:\/\/i0.wp.com\/www.masrojo.com.ar\/home\/wp-content\/uploads\/contrato-angulo.jpg?resize=80%2C60&amp;ssl=1 80w\" sizes=\"(max-width: 1000px) 100vw, 1000px\" \/><\/a><\/p>\n<p>&nbsp;<\/p>\n","protected":false},"excerpt":{"rendered":"<div class=\"mh-excerpt\"><p>Una de las novelas del mercado de pases de Independiente tuvo como protagonista a \u00c1lvaro Angulo. El lateral izquierdo lleg\u00f3 desde Atl\u00e9tico Nacional a comienzos de a\u00f1o y en junio se fue a Pumas de <a class=\"mh-excerpt-more\" href=\"https:\/\/www.masrojo.com.ar\/home\/2025\/08\/04\/comunicado-de-independiente-tras-las-declaraciones-de-angulo\/\" title=\"Comunicado de Independiente tras las declaraciones de Angulo\">[&#8230;]<\/a><\/p>\n<\/div>","protected":false},"author":6,"featured_media":75654,"comment_status":"closed","ping_status":"closed","sticky":false,"template":"","format":"standard","meta":{"_jetpack_memberships_contains_paid_content":false,"footnotes":"","jetpack_publicize_message":"","jetpack_publicize_feature_enabled":true,"jetpack_social_post_already_shared":true,"jetpack_social_options":{"image_generator_settings":{"template":"highway","enabled":false},"version":2}},"categories":[4],"tags":[],"class_list":{"0":"post-75905","1":"post","2":"type-post","3":"status-publish","4":"format-standard","5":"has-post-thumbnail","7":"category-actualidad"},"jetpack_publicize_connections":[],"jetpack_sharing_enabled":true,"jetpack_featured_media_url":"https:\/\/i0.wp.com\/www.masrojo.com.ar\/home\/wp-content\/uploads\/angulo-boka.jpg?fit=2048%2C1365&ssl=1","jetpack_shortlink":"https:\/\/wp.me\/p90W9F-jKh","_links":{"self":[{"href":"https:\/\/www.masrojo.com.ar\/home\/wp-json\/wp\/v2\/posts\/75905"}],"collection":[{"href":"https:\/\/www.masrojo.com.ar\/home\/wp-json\/wp\/v2\/posts"}],"about":[{"href":"https:\/\/www.masrojo.com.ar\/home\/wp-json\/wp\/v2\/types\/post"}],"author":[{"embeddable":true,"href":"https:\/\/www.masrojo.com.ar\/home\/wp-json\/wp\/v2\/users\/6"}],"replies":[{"embeddable":true,"href":"https:\/\/www.masrojo.com.ar\/home\/wp-json\/wp\/v2\/comments?post=75905"}],"version-history":[{"count":2,"href":"https:\/\/www.masrojo.com.ar\/home\/wp-json\/wp\/v2\/posts\/75905\/revisions"}],"predecessor-version":[{"id":75909,"href":"https:\/\/www.masrojo.com.ar\/home\/wp-json\/wp\/v2\/posts\/75905\/revisions\/75909"}],"wp:featuredmedia":[{"embeddable":true,"href":"https:\/\/www.masrojo.com.ar\/home\/wp-json\/wp\/v2\/media\/75654"}],"wp:attachment":[{"href":"https:\/\/www.masrojo.com.ar\/home\/wp-json\/wp\/v2\/media?parent=75905"}],"wp:term":[{"taxonomy":"category","embeddable":true,"href":"https:\/\/www.masrojo.com.ar\/home\/wp-json\/wp\/v2\/categories?post=75905"},{"taxonomy":"post_tag","embeddable":true,"href":"https:\/\/www.masrojo.com.ar\/home\/wp-json\/wp\/v2\/tags?post=75905"}],"curies":[{"name":"wp","href":"https:\/\/api.w.org\/{rel}","templated":true}]}}