{"id":75910,"date":"2025-08-05T14:56:54","date_gmt":"2025-08-05T17:56:54","guid":{"rendered":"https:\/\/www.masrojo.com.ar\/home\/?p=75910"},"modified":"2025-08-05T14:57:52","modified_gmt":"2025-08-05T17:57:52","slug":"fechas-confirmadas-de-la-liga","status":"publish","type":"post","link":"https:\/\/www.masrojo.com.ar\/home\/2025\/08\/05\/fechas-confirmadas-de-la-liga\/","title":{"rendered":"Fechas confirmadas de la Liga"},"content":{"rendered":"<p>Independiente tuvo un mal arranque de segundo semestre ya que en la Liga Profesional Torneo Clausura acumula un empate ante Sarmiento de Jun\u00edn y dos derrotas, ante Talleres de C\u00f3rdoba y Gimnasia y Esgrima de La Plata. El Rojo parece haber olvidado todo el buen juego y dominio que cosech\u00f3 en la primera parte del a\u00f1o, la cual lo llev\u00f3 hasta la semifinal de la Liga Torneo Apertura.<\/p>\n<p>Esta semana, se dieron a conocer los d\u00edas y horarios de los pr\u00f3ximos encuentros:<\/p>\n<ul>\n<li>vs <strong>River Plate<\/strong> &#8211; S\u00e1bado 9 de agosto a las 18.30hs en el Estadio Libertadores de Am\u00e9rica &#8211; Ricardo Enrique Bochini.<\/li>\n<li>vs. <strong>V\u00e9lez Sarsfield<\/strong> &#8211; S\u00e1bado 16 de agosto en el Estadio Jos\u00e9 Amalfitani<\/li>\n<li>vs. <strong>Platense<\/strong> &#8211; Domingo 24 de agosto a las 20.30hs en el Estadio Libertadores de Am\u00e9rica &#8211; Ricardo Enrique Bochini. .<\/li>\n<\/ul>\n<p>A su vez, entre medio de los partidos de la liga local, est\u00e1n los octavos de final de la Copa Sudamericana, el cual ser\u00e1 ante Universidad de Chile:<\/p>\n<ul>\n<li><strong>IDA<\/strong>: Mi\u00e9rcoles 13 de agosto a las 21.30hs en el Estadio Nacional Julio Martinez Pradanos en la ciudad de Santiago, Chile.<\/li>\n<li><strong>VUELTA<\/strong>: Mi\u00e9rcoles 20 de agosto a las 21.30hs en el Estadio Libertadores de Am\u00e9rica &#8211; Ricardo Enrique Bochini en Avellaneda, Argentina.<\/li>\n<\/ul>\n","protected":false},"excerpt":{"rendered":"<div class=\"mh-excerpt\"><p>Independiente tuvo un mal arranque de segundo semestre ya que en la Liga Profesional Torneo Clausura acumula un empate ante Sarmiento de Jun\u00edn y dos derrotas, ante Talleres de C\u00f3rdoba y Gimnasia y Esgrima de <a class=\"mh-excerpt-more\" href=\"https:\/\/www.masrojo.com.ar\/home\/2025\/08\/05\/fechas-confirmadas-de-la-liga\/\" title=\"Fechas confirmadas de la Liga\">[&#8230;]<\/a><\/p>\n<\/div>","protected":false},"author":6,"featured_media":75719,"comment_status":"closed","ping_status":"closed","sticky":false,"template":"","format":"standard","meta":{"_jetpack_memberships_contains_paid_content":false,"footnotes":"","jetpack_publicize_message":"","jetpack_publicize_feature_enabled":true,"jetpack_social_post_already_shared":true,"jetpack_social_options":{"image_generator_settings":{"template":"highway","enabled":false},"version":2}},"categories":[4],"tags":[],"class_list":{"0":"post-75910","1":"post","2":"type-post","3":"status-publish","4":"format-standard","5":"has-post-thumbnail","7":"category-actualidad"},"jetpack_publicize_connections":[],"jetpack_sharing_enabled":true,"jetpack_featured_media_url":"https:\/\/i0.wp.com\/www.masrojo.com.ar\/home\/wp-content\/uploads\/rey-5.jpg?fit=2048%2C1365&ssl=1","jetpack_shortlink":"https:\/\/wp.me\/p90W9F-jKm","_links":{"self":[{"href":"https:\/\/www.masrojo.com.ar\/home\/wp-json\/wp\/v2\/posts\/75910"}],"collection":[{"href":"https:\/\/www.masrojo.com.ar\/home\/wp-json\/wp\/v2\/posts"}],"about":[{"href":"https:\/\/www.masrojo.com.ar\/home\/wp-json\/wp\/v2\/types\/post"}],"author":[{"embeddable":true,"href":"https:\/\/www.masrojo.com.ar\/home\/wp-json\/wp\/v2\/users\/6"}],"replies":[{"embeddable":true,"href":"https:\/\/www.masrojo.com.ar\/home\/wp-json\/wp\/v2\/comments?post=75910"}],"version-history":[{"count":2,"href":"https:\/\/www.masrojo.com.ar\/home\/wp-json\/wp\/v2\/posts\/75910\/revisions"}],"predecessor-version":[{"id":75912,"href":"https:\/\/www.masrojo.com.ar\/home\/wp-json\/wp\/v2\/posts\/75910\/revisions\/75912"}],"wp:featuredmedia":[{"embeddable":true,"href":"https:\/\/www.masrojo.com.ar\/home\/wp-json\/wp\/v2\/media\/75719"}],"wp:attachment":[{"href":"https:\/\/www.masrojo.com.ar\/home\/wp-json\/wp\/v2\/media?parent=75910"}],"wp:term":[{"taxonomy":"category","embeddable":true,"href":"https:\/\/www.masrojo.com.ar\/home\/wp-json\/wp\/v2\/categories?post=75910"},{"taxonomy":"post_tag","embeddable":true,"href":"https:\/\/www.masrojo.com.ar\/home\/wp-json\/wp\/v2\/tags?post=75910"}],"curies":[{"name":"wp","href":"https:\/\/api.w.org\/{rel}","templated":true}]}}