{"id":75921,"date":"2025-08-11T14:45:54","date_gmt":"2025-08-11T17:45:54","guid":{"rendered":"https:\/\/www.masrojo.com.ar\/home\/?p=75921"},"modified":"2025-08-11T14:45:54","modified_gmt":"2025-08-11T17:45:54","slug":"el-empate-no-fue-justo","status":"publish","type":"post","link":"https:\/\/www.masrojo.com.ar\/home\/2025\/08\/11\/el-empate-no-fue-justo\/","title":{"rendered":"\u00abEl empate no fue justo\u00bb"},"content":{"rendered":"<p>Pese a no haber podido ganar, a Julio Vaccari le volvi\u00f3 el alma al cuerpo luego del dominio que ejerci\u00f3 en Avellaneda con Independiente sobre River. M\u00e1s ilusionado con superar la crisis que lo sorprendi\u00f3 en el inicio de este segundo semestre y con la U de Chile y V\u00e9lez entre dos frentes en el horizonte cercano, el entrenador del Rojo destac\u00f3 los puntos altos de la noche.<\/p>\n<p>\u00ab<em>Me gust\u00f3 much\u00edsimo el equipo los 90 minutos. La agresividad, la intensidad, la decisi\u00f3n de ir a buscar el bal\u00f3n y el arco rival continuamente, no dejar al rival crecer en campo, el conjunto estuvo muy s\u00f3lido<\/em>\u00ab, resumi\u00f3 el DT, que igual lament\u00f3 el resultado: \u00ab<em>Las cosas no salieron, es un sabor amargo irnos con este empate<\/em>\u00ab.<\/p>\n<p>\u00ab<em>Las situaciones de gol que tuvimos fueron muy claras y muchos, la mayor\u00eda de los ataques fueron de Independiente y no fue justo el empate<\/em>\u00ab, acus\u00f3, y supedit\u00f3 sus impresiones al marcador: \u00ab<em>El objetivo era ganar, 5-3, 3-1, la verdad que me daba lo mismo. S\u00ed est\u00e1 bueno que hayamos podido encontrar solidez defensiva y en la primera l\u00ednea de presi\u00f3n con nuestros delanteros no permiti\u00e9ndole al rival hacerse cargo del juego, pero el objetivo era ese. El camino creo que es el correcto pero no se gan\u00f3<\/em>\u00ab.<\/p>\n<p>Sobre el uruguayo que se sum\u00f3 en este mercado de pases y debut\u00f3 en destacado nivel con la casaca del Rojo, el entrenador dijo que su actuaci\u00f3n fue \u00abmuy buena\u00bb y explic\u00f3 su inclusi\u00f3n: \u00ab<em>Empezamos a entrenar en la semana jugando con un delantero centro que no fuera delantero centro, que bajara a formar un cuadrado de superioridad num\u00e9rica con nuestro 10, nuestro 9, el 5 y el 8 y dejar espacios para los wines<\/em>\u00ab.<\/p>\n<p>El DT agreg\u00f3: \u00ab<em>Prob\u00e9 mucho en esa posici\u00f3n, a Nacho (Ignacio Pussetto), Gabriel (\u00c1valos), Mancu (Federico Mancuello), (Lautaro) Mill\u00e1n, Lucho (Luciano Cabral) y alg\u00fan otro y a \u00faltimo momento me decid\u00ed por \u00e9l porque era lo que m\u00e1s se asemejaba a poder hacerle da\u00f1o a River<\/em>\u00ab.<\/p>\n","protected":false},"excerpt":{"rendered":"<div class=\"mh-excerpt\"><p>Pese a no haber podido ganar, a Julio Vaccari le volvi\u00f3 el alma al cuerpo luego del dominio que ejerci\u00f3 en Avellaneda con Independiente sobre River. M\u00e1s ilusionado con superar la crisis que lo sorprendi\u00f3 <a class=\"mh-excerpt-more\" href=\"https:\/\/www.masrojo.com.ar\/home\/2025\/08\/11\/el-empate-no-fue-justo\/\" title=\"\u00abEl empate no fue justo\u00bb\">[&#8230;]<\/a><\/p>\n<\/div>","protected":false},"author":6,"featured_media":75881,"comment_status":"closed","ping_status":"closed","sticky":false,"template":"","format":"standard","meta":{"_jetpack_memberships_contains_paid_content":false,"footnotes":"","jetpack_publicize_message":"","jetpack_publicize_feature_enabled":true,"jetpack_social_post_already_shared":true,"jetpack_social_options":{"image_generator_settings":{"template":"highway","enabled":false},"version":2}},"categories":[4],"tags":[],"class_list":{"0":"post-75921","1":"post","2":"type-post","3":"status-publish","4":"format-standard","5":"has-post-thumbnail","7":"category-actualidad"},"jetpack_publicize_connections":[],"jetpack_sharing_enabled":true,"jetpack_featured_media_url":"https:\/\/i0.wp.com\/www.masrojo.com.ar\/home\/wp-content\/uploads\/VACCARI-GELP.jpg?fit=1290%2C760&ssl=1","jetpack_shortlink":"https:\/\/wp.me\/p90W9F-jKx","_links":{"self":[{"href":"https:\/\/www.masrojo.com.ar\/home\/wp-json\/wp\/v2\/posts\/75921"}],"collection":[{"href":"https:\/\/www.masrojo.com.ar\/home\/wp-json\/wp\/v2\/posts"}],"about":[{"href":"https:\/\/www.masrojo.com.ar\/home\/wp-json\/wp\/v2\/types\/post"}],"author":[{"embeddable":true,"href":"https:\/\/www.masrojo.com.ar\/home\/wp-json\/wp\/v2\/users\/6"}],"replies":[{"embeddable":true,"href":"https:\/\/www.masrojo.com.ar\/home\/wp-json\/wp\/v2\/comments?post=75921"}],"version-history":[{"count":1,"href":"https:\/\/www.masrojo.com.ar\/home\/wp-json\/wp\/v2\/posts\/75921\/revisions"}],"predecessor-version":[{"id":75922,"href":"https:\/\/www.masrojo.com.ar\/home\/wp-json\/wp\/v2\/posts\/75921\/revisions\/75922"}],"wp:featuredmedia":[{"embeddable":true,"href":"https:\/\/www.masrojo.com.ar\/home\/wp-json\/wp\/v2\/media\/75881"}],"wp:attachment":[{"href":"https:\/\/www.masrojo.com.ar\/home\/wp-json\/wp\/v2\/media?parent=75921"}],"wp:term":[{"taxonomy":"category","embeddable":true,"href":"https:\/\/www.masrojo.com.ar\/home\/wp-json\/wp\/v2\/categories?post=75921"},{"taxonomy":"post_tag","embeddable":true,"href":"https:\/\/www.masrojo.com.ar\/home\/wp-json\/wp\/v2\/tags?post=75921"}],"curies":[{"name":"wp","href":"https:\/\/api.w.org\/{rel}","templated":true}]}}