{"id":75930,"date":"2025-08-14T09:56:40","date_gmt":"2025-08-14T12:56:40","guid":{"rendered":"https:\/\/www.masrojo.com.ar\/home\/?p=75930"},"modified":"2025-08-14T09:56:40","modified_gmt":"2025-08-14T12:56:40","slug":"como-no-me-va-a-preocupar-la-falta-de-triunfo","status":"publish","type":"post","link":"https:\/\/www.masrojo.com.ar\/home\/2025\/08\/14\/como-no-me-va-a-preocupar-la-falta-de-triunfo\/","title":{"rendered":"\u00ab\u00bfC\u00f3mo no me va a preocupar la falta de triunfo?\u00bb"},"content":{"rendered":"<p>Julio Vaccari, director t\u00e9cnico de Independiente, dej\u00f3 en claro su bronca por la derrota por 1-0 ante la Universidad de Chile por la ida de los octavos de final de la Copa Sudamericana, que estir\u00f3 la mala racha del equipo.<\/p>\n<p>\u00ab<em>La falta de triunfos, la pucha&#8230; \u00bfC\u00f3mo no me va a preocupar? Uno entiende que esto es f\u00fatbol y se vive del resultado, de ganar. Ni siquiera cuando empato me pongo contento. Son preguntas que no se deber\u00edan hacer<\/em>\u00ab, afirm\u00f3 el entrenador.<\/p>\n<p>A su vez, Julio Vaccari consider\u00f3 que \u00abfue un partido muy parejo\u00bb y que \u00abel empate hubiera sido lo justo pero el f\u00fatbol es as\u00ed\u00bb. El DT afirm\u00f3 que deben mejorar \u00abcositas, varias\u00bb y lanz\u00f3: \u00abEstar\u00eda bueno, para lo que el equipo produce, patear al arco\u00bb.<\/p>\n<p>\u00ab<em>Poder finalizar con mayor claridad ese tipo de situaciones, mejorar en la faceta del orden, el intento\u00bb, explic\u00f3 el entrenador. Y a\u00f1adi\u00f3: \u00abSi nosotros pateamos 15 veces y s\u00f3lo cuatro van al arco, es complicado. Tenemos que seguir trabajando para que esa situaci\u00f3n mejore y tener m\u00e1s decisi\u00f3n a la hora de convertir<\/em>\u00ab.<\/p>\n<p>M\u00e1s all\u00e1 del resultado adverso en la idea, Vaccari cree que Independiente \u00ab<em>tiene armas y muchas cosas para darlo vuelta en casa<\/em>\u00ab. \u00ab<em>Lo ha demostrado. Cuando el equipo juega, fluye, lo hace muy bien. Lo que deber\u00edamos hacer es concretar m\u00e1s situaciones<\/em>\u00ab, agreg\u00f3.<\/p>\n<p>Julio Vaccari tuvo un cruce con un periodista que hab\u00eda afirmado que Federico Vera no tuvo un buen desempe\u00f1o en el partido: \u00ab<em>Te invito a que revises el partido defensivo de Fede. Es verdad que no tuvo tanta participaci\u00f3n y claridad en la parte ofensiva, pero revis\u00e1 la parte defensiva. Marc\u00f3 a Assadi y en la mayor\u00eda de los duelos se pudo imponer. Cuando le toc\u00f3 ir a jugar contra los laterales izquierdos, que lo hac\u00eda en desventaja, tambi\u00e9n lo hizo muy bien<\/em>\u00ab.<\/p>\n","protected":false},"excerpt":{"rendered":"<div class=\"mh-excerpt\"><p>Julio Vaccari, director t\u00e9cnico de Independiente, dej\u00f3 en claro su bronca por la derrota por 1-0 ante la Universidad de Chile por la ida de los octavos de final de la Copa Sudamericana, que estir\u00f3 <a class=\"mh-excerpt-more\" href=\"https:\/\/www.masrojo.com.ar\/home\/2025\/08\/14\/como-no-me-va-a-preocupar-la-falta-de-triunfo\/\" title=\"\u00ab\u00bfC\u00f3mo no me va a preocupar la falta de triunfo?\u00bb\">[&#8230;]<\/a><\/p>\n<\/div>","protected":false},"author":6,"featured_media":75931,"comment_status":"closed","ping_status":"closed","sticky":false,"template":"","format":"standard","meta":{"_jetpack_memberships_contains_paid_content":false,"footnotes":"","jetpack_publicize_message":"","jetpack_publicize_feature_enabled":true,"jetpack_social_post_already_shared":true,"jetpack_social_options":{"image_generator_settings":{"template":"highway","enabled":false},"version":2}},"categories":[4],"tags":[],"class_list":{"0":"post-75930","1":"post","2":"type-post","3":"status-publish","4":"format-standard","5":"has-post-thumbnail","7":"category-actualidad"},"jetpack_publicize_connections":[],"jetpack_sharing_enabled":true,"jetpack_featured_media_url":"https:\/\/i0.wp.com\/www.masrojo.com.ar\/home\/wp-content\/uploads\/vaccari-dus.jpg?fit=665%2C402&ssl=1","jetpack_shortlink":"https:\/\/wp.me\/p90W9F-jKG","_links":{"self":[{"href":"https:\/\/www.masrojo.com.ar\/home\/wp-json\/wp\/v2\/posts\/75930"}],"collection":[{"href":"https:\/\/www.masrojo.com.ar\/home\/wp-json\/wp\/v2\/posts"}],"about":[{"href":"https:\/\/www.masrojo.com.ar\/home\/wp-json\/wp\/v2\/types\/post"}],"author":[{"embeddable":true,"href":"https:\/\/www.masrojo.com.ar\/home\/wp-json\/wp\/v2\/users\/6"}],"replies":[{"embeddable":true,"href":"https:\/\/www.masrojo.com.ar\/home\/wp-json\/wp\/v2\/comments?post=75930"}],"version-history":[{"count":2,"href":"https:\/\/www.masrojo.com.ar\/home\/wp-json\/wp\/v2\/posts\/75930\/revisions"}],"predecessor-version":[{"id":75933,"href":"https:\/\/www.masrojo.com.ar\/home\/wp-json\/wp\/v2\/posts\/75930\/revisions\/75933"}],"wp:featuredmedia":[{"embeddable":true,"href":"https:\/\/www.masrojo.com.ar\/home\/wp-json\/wp\/v2\/media\/75931"}],"wp:attachment":[{"href":"https:\/\/www.masrojo.com.ar\/home\/wp-json\/wp\/v2\/media?parent=75930"}],"wp:term":[{"taxonomy":"category","embeddable":true,"href":"https:\/\/www.masrojo.com.ar\/home\/wp-json\/wp\/v2\/categories?post=75930"},{"taxonomy":"post_tag","embeddable":true,"href":"https:\/\/www.masrojo.com.ar\/home\/wp-json\/wp\/v2\/tags?post=75930"}],"curies":[{"name":"wp","href":"https:\/\/api.w.org\/{rel}","templated":true}]}}