{"id":75952,"date":"2025-08-19T09:57:21","date_gmt":"2025-08-19T12:57:21","guid":{"rendered":"https:\/\/www.masrojo.com.ar\/home\/?p=75952"},"modified":"2025-08-19T09:57:21","modified_gmt":"2025-08-19T12:57:21","slug":"lomonaco-otra-vez-en-la-mira","status":"publish","type":"post","link":"https:\/\/www.masrojo.com.ar\/home\/2025\/08\/19\/lomonaco-otra-vez-en-la-mira\/","title":{"rendered":"Lom\u00f3naco, otra vez en la mira"},"content":{"rendered":"<p style=\"text-align: justify;\">Desde que se abri\u00f3 el mercado de pases, Kevin Lom\u00f3naco recibi\u00f3 varios sondeos aunque ninguno lleg\u00f3 a avanzar. Algunos fueron desde el f\u00fatbol de Alemania, otros de Espa\u00f1a. Y en las \u00faltimas horas, otro conjunto del Viejo Continente abri\u00f3 charlas con los directivos. \u00bfQu\u00e9 conjunto? El Wolfsburgo de la Bundesliga.<\/p>\n<p style=\"text-align: justify;\">Los directivos del Rojo ya hab\u00edan dejado en claro en m\u00e1s de una oportunidad que la \u00fanica manera de desprenderse de Lom\u00f3naco ser\u00eda a trav\u00e9s de que alguien ejecute la cl\u00e1usula de rescisi\u00f3n de contrato, que es de 20 millones de d\u00f3lares, lo que marca una barrera importante para articular cualquier negociaci\u00f3n, aunque su gran rendimiento sigue elevando la cotizaci\u00f3n del futbol\u00edstica.<\/p>\n<p style=\"text-align: justify;\">Kevin, sin selecci\u00f3n<br \/>\nEse mismo nivel que supo mostrar desde su llegada al Rojo a mediados de la temporada pasada fue el mismo que lo llev\u00f3 a ser pretendido por varios y a ganarse un lugar en la convocatoria de la \u00faltima doble fecha de Eliminatorias Sudamericanas, cuando Lionel Scaloni lo llam\u00f3 para formar parte de la Selecci\u00f3n Argentina en los cruces ante Chile (fue al banco) y Colombia.<\/p>\n","protected":false},"excerpt":{"rendered":"<div class=\"mh-excerpt\"><p>Desde que se abri\u00f3 el mercado de pases, Kevin Lom\u00f3naco recibi\u00f3 varios sondeos aunque ninguno lleg\u00f3 a avanzar. Algunos fueron desde el f\u00fatbol de Alemania, otros de Espa\u00f1a. Y en las \u00faltimas horas, otro conjunto <a class=\"mh-excerpt-more\" href=\"https:\/\/www.masrojo.com.ar\/home\/2025\/08\/19\/lomonaco-otra-vez-en-la-mira\/\" title=\"Lom\u00f3naco, otra vez en la mira\">[&#8230;]<\/a><\/p>\n<\/div>","protected":false},"author":6,"featured_media":75288,"comment_status":"closed","ping_status":"closed","sticky":false,"template":"","format":"image","meta":{"_jetpack_memberships_contains_paid_content":false,"footnotes":"","jetpack_publicize_message":"","jetpack_publicize_feature_enabled":true,"jetpack_social_post_already_shared":true,"jetpack_social_options":{"image_generator_settings":{"template":"highway","enabled":false},"version":2}},"categories":[4],"tags":[],"class_list":{"0":"post-75952","1":"post","2":"type-post","3":"status-publish","4":"format-image","5":"has-post-thumbnail","7":"category-actualidad","8":"post_format-post-format-image"},"jetpack_publicize_connections":[],"jetpack_sharing_enabled":true,"jetpack_featured_media_url":"https:\/\/i0.wp.com\/www.masrojo.com.ar\/home\/wp-content\/uploads\/LOMONACO-BANFIELD.jpeg?fit=1306%2C873&ssl=1","jetpack_shortlink":"https:\/\/wp.me\/p90W9F-jL2","_links":{"self":[{"href":"https:\/\/www.masrojo.com.ar\/home\/wp-json\/wp\/v2\/posts\/75952"}],"collection":[{"href":"https:\/\/www.masrojo.com.ar\/home\/wp-json\/wp\/v2\/posts"}],"about":[{"href":"https:\/\/www.masrojo.com.ar\/home\/wp-json\/wp\/v2\/types\/post"}],"author":[{"embeddable":true,"href":"https:\/\/www.masrojo.com.ar\/home\/wp-json\/wp\/v2\/users\/6"}],"replies":[{"embeddable":true,"href":"https:\/\/www.masrojo.com.ar\/home\/wp-json\/wp\/v2\/comments?post=75952"}],"version-history":[{"count":1,"href":"https:\/\/www.masrojo.com.ar\/home\/wp-json\/wp\/v2\/posts\/75952\/revisions"}],"predecessor-version":[{"id":75953,"href":"https:\/\/www.masrojo.com.ar\/home\/wp-json\/wp\/v2\/posts\/75952\/revisions\/75953"}],"wp:featuredmedia":[{"embeddable":true,"href":"https:\/\/www.masrojo.com.ar\/home\/wp-json\/wp\/v2\/media\/75288"}],"wp:attachment":[{"href":"https:\/\/www.masrojo.com.ar\/home\/wp-json\/wp\/v2\/media?parent=75952"}],"wp:term":[{"taxonomy":"category","embeddable":true,"href":"https:\/\/www.masrojo.com.ar\/home\/wp-json\/wp\/v2\/categories?post=75952"},{"taxonomy":"post_tag","embeddable":true,"href":"https:\/\/www.masrojo.com.ar\/home\/wp-json\/wp\/v2\/tags?post=75952"}],"curies":[{"name":"wp","href":"https:\/\/api.w.org\/{rel}","templated":true}]}}