{"id":75954,"date":"2025-08-19T09:58:51","date_gmt":"2025-08-19T12:58:51","guid":{"rendered":"https:\/\/www.masrojo.com.ar\/home\/?p=75954"},"modified":"2025-08-19T09:58:51","modified_gmt":"2025-08-19T12:58:51","slug":"las-bajas-obligadas-que-tendra-vaccari-en-la-copa","status":"publish","type":"post","link":"https:\/\/www.masrojo.com.ar\/home\/2025\/08\/19\/las-bajas-obligadas-que-tendra-vaccari-en-la-copa\/","title":{"rendered":"Las bajas obligadas que tendr\u00e1 Vaccari en la Copa"},"content":{"rendered":"<p style=\"text-align: justify;\">El entrenador del Rojo no podr\u00e1 contar con Mat\u00edas Abaldo ni con Nicol\u00e1s Freire, dos jugadores que fueron desde el arranque en el 0-1 de la ida de los octavos de final de la Copa Sudamericana en Santiago de Chile. Por un lado, el delantero vio la roja por doble amarilla. Por el otro, el defensor central estar\u00e1 cerca de un mes sin competencia luego de confirmarse que sufri\u00f3 una lesi\u00f3n en el isquiotibial derecho.<\/p>\n<p style=\"text-align: justify;\">Por lo pronto, Vaccari volver\u00eda a poner a Sebasti\u00e1n Valdez como titular, despu\u00e9s de recuperarse de una luxaci\u00f3n en el tend\u00f3n peroneo de la pierna derecha que le impidi\u00f3 estar presente en los primeros encuentros de la segunda parte del a\u00f1o. El ex Central C\u00f3rdoba de Santiago del Estero volvi\u00f3 a jugar en el primer duelo con la U., cuando ingres\u00f3 en el complemento, y fue desde el inicio con V\u00e9lez.<\/p>\n<p style=\"text-align: justify;\">A su vez, la otra modificaci\u00f3n ser\u00eda el ingreso de Gabriel \u00c1valos, quien tuvo buenos minutos en Chile, aunque no pes\u00f3 en la derrota contra V\u00e9lez en Liniers. Ojo, no se descarta que el t\u00e9cnico meta m\u00e1s mano en el 11 y que sorprenda con otra variante.<\/p>\n<p style=\"text-align: justify;\">Independiente arrastra una racha de siete partidos sin triunfos, qued\u00f3 eliminado de la Copa Argentina y marcha \u00faltimo en la Zona B del Torneo Clausura. Sin embargo, el empate sin goles ante River en el Libertadores de Am\u00e9rica-Ricardo Enrique Bochini hab\u00eda dejado algunos signos positivos que el cuerpo t\u00e9cnico espera recuperar y consolidar.<\/p>\n<p style=\"text-align: justify;\">El Rojo necesita un resultado que no solo lo acerque a los cuartos de final, sino que tambi\u00e9n sirva como punto de inflexi\u00f3n para retomar el nivel mostrado en el primer semestre. Este mi\u00e9rcoles por la noche, en Avellaneda, no se juega solo un partido: se juega parte de su reconstrucci\u00f3n.<\/p>\n","protected":false},"excerpt":{"rendered":"<div class=\"mh-excerpt\"><p>El entrenador del Rojo no podr\u00e1 contar con Mat\u00edas Abaldo ni con Nicol\u00e1s Freire, dos jugadores que fueron desde el arranque en el 0-1 de la ida de los octavos de final de la Copa <a class=\"mh-excerpt-more\" href=\"https:\/\/www.masrojo.com.ar\/home\/2025\/08\/19\/las-bajas-obligadas-que-tendra-vaccari-en-la-copa\/\" title=\"Las bajas obligadas que tendr\u00e1 Vaccari en la Copa\">[&#8230;]<\/a><\/p>\n<\/div>","protected":false},"author":6,"featured_media":74984,"comment_status":"closed","ping_status":"closed","sticky":false,"template":"","format":"image","meta":{"_jetpack_memberships_contains_paid_content":false,"footnotes":"","jetpack_publicize_message":"","jetpack_publicize_feature_enabled":true,"jetpack_social_post_already_shared":true,"jetpack_social_options":{"image_generator_settings":{"template":"highway","enabled":false},"version":2}},"categories":[4],"tags":[],"class_list":{"0":"post-75954","1":"post","2":"type-post","3":"status-publish","4":"format-image","5":"has-post-thumbnail","7":"category-actualidad","8":"post_format-post-format-image"},"jetpack_publicize_connections":[],"jetpack_sharing_enabled":true,"jetpack_featured_media_url":"https:\/\/i0.wp.com\/www.masrojo.com.ar\/home\/wp-content\/uploads\/vaccardi.jpg?fit=2048%2C1365&ssl=1","jetpack_shortlink":"https:\/\/wp.me\/p90W9F-jL4","_links":{"self":[{"href":"https:\/\/www.masrojo.com.ar\/home\/wp-json\/wp\/v2\/posts\/75954"}],"collection":[{"href":"https:\/\/www.masrojo.com.ar\/home\/wp-json\/wp\/v2\/posts"}],"about":[{"href":"https:\/\/www.masrojo.com.ar\/home\/wp-json\/wp\/v2\/types\/post"}],"author":[{"embeddable":true,"href":"https:\/\/www.masrojo.com.ar\/home\/wp-json\/wp\/v2\/users\/6"}],"replies":[{"embeddable":true,"href":"https:\/\/www.masrojo.com.ar\/home\/wp-json\/wp\/v2\/comments?post=75954"}],"version-history":[{"count":1,"href":"https:\/\/www.masrojo.com.ar\/home\/wp-json\/wp\/v2\/posts\/75954\/revisions"}],"predecessor-version":[{"id":75955,"href":"https:\/\/www.masrojo.com.ar\/home\/wp-json\/wp\/v2\/posts\/75954\/revisions\/75955"}],"wp:featuredmedia":[{"embeddable":true,"href":"https:\/\/www.masrojo.com.ar\/home\/wp-json\/wp\/v2\/media\/74984"}],"wp:attachment":[{"href":"https:\/\/www.masrojo.com.ar\/home\/wp-json\/wp\/v2\/media?parent=75954"}],"wp:term":[{"taxonomy":"category","embeddable":true,"href":"https:\/\/www.masrojo.com.ar\/home\/wp-json\/wp\/v2\/categories?post=75954"},{"taxonomy":"post_tag","embeddable":true,"href":"https:\/\/www.masrojo.com.ar\/home\/wp-json\/wp\/v2\/tags?post=75954"}],"curies":[{"name":"wp","href":"https:\/\/api.w.org\/{rel}","templated":true}]}}