{"id":75956,"date":"2025-08-23T11:39:46","date_gmt":"2025-08-23T14:39:46","guid":{"rendered":"https:\/\/www.masrojo.com.ar\/home\/?p=75956"},"modified":"2025-08-23T11:39:46","modified_gmt":"2025-08-23T14:39:46","slug":"se-suspendio-el-partido-con-platense-por-la-liga-profesional","status":"publish","type":"post","link":"https:\/\/www.masrojo.com.ar\/home\/2025\/08\/23\/se-suspendio-el-partido-con-platense-por-la-liga-profesional\/","title":{"rendered":"Se suspendi\u00f3 el partido con Platense por la Liga Profesional"},"content":{"rendered":"<p><b>Se suspendi\u00f3 el partido entre<\/b>\u00a0<b>Independiente y Platense.\u00a0<\/b>La Agencia de Prevenci\u00f3n de Violencia en el Deporte (Aprevide) dispuso la suspensi\u00f3n y reprogramaci\u00f3n del encuentro, que iba a disputarse el domingo por la fecha 6 de la Zona B del Torneo Clausura, a ra\u00edz de\u00a0los grav\u00edsimos incidentes el mi\u00e9rcoles\u00a0en el Libertadores de Am\u00e9rica-Ricardo Bochini. De esta manera, el partido no se jugar\u00e1, a pesar de que la Justicia inicialmente hab\u00eda dejado abierta a la puerta a que se juegue sin p\u00fablico en Avellaneda o en otro estadio.<\/p>\n<div id=\"ad-slot-inline1\" class=\"ad-slot-inline1 ad-slot\" data-adtype=\"inline1\" data-google-query-id=\"CPGXwIuUoY8DFYVV3QIdQM4Pyw\">Luego de la inspecci\u00f3n de la Municipalidad de Avellaneda en el estadio este jueves y, en medio de la investigaci\u00f3n judicial, Aprevide present\u00f3 el informe a La Liga Profesional y determinaron<b>\u00a0la suspensi\u00f3n del duelo del Rojo con el Calamar.<\/b><\/p>\n<p>Este viernes, la Fiscal\u00eda N\u00b0 4 de Avellenda que investiga los incidentes ocurridos el pasado mi\u00e9rcoles en el Libertadores de Am\u00e9rica entre barras de Independiente y de Universidad de Chile hab\u00eda solicitado que el\u00a0<b>Rojo no pueda jugar en su estadio con p\u00fablico.<\/b>\u00a0Ante esto, el Juzgado de Garant\u00edas N\u00b03, a cargo de Jos\u00e9 Luis Arabito, primero hab\u00eda decidido que el club de Avellaneda pueda jugar en su club,\u00a0<b>pero solo a puertas cerradas. Eso si, dej\u00f3 la posibilidad abierta para que lleven hinchas si mudan la local\u00eda.<\/b><\/div>\n<div data-adtype=\"inline1\" data-google-query-id=\"CPGXwIuUoY8DFYVV3QIdQM4Pyw\"><\/div>\n<div data-adtype=\"inline1\" data-google-query-id=\"CPGXwIuUoY8DFYVV3QIdQM4Pyw\">\n<h2>C\u00f3mo qued\u00f3 el Libertadores de Am\u00e9rica tras los destrozos<\/h2>\n<p>El estadio de Independiente fue el escenario de uno de los sucesos m\u00e1s violentos de los \u00faltimos a\u00f1os en el f\u00fatbol sudamericano. Las im\u00e1genes tomadas una vez finalizada la barbarie demostraron con m\u00e1s claridad los estragos:\u00a0<u>puertas arrancadas, portones, baldosas, restos de inodoro y de bachas, un lugar de comida desmantelado, caos en un lugar de limpieza que dej\u00f3 palos de escoba y baldes tirados<\/u>. Adem\u00e1s, ca\u00f1os de agua y conexiones el\u00e9ctricas tambi\u00e9n se vieron afectadas. Este fue el saldo que dej\u00f3 la noche de terror de este mi\u00e9rcoles.<\/p>\n<p>Ante esto,<b>\u00a0Independiente se escuda de haber seguido las recomendaciones de la Conmebol y de la seguridad de la Provincia de Buenos Aires<\/b>\u00a0para no recibir ninguna sanci\u00f3n, tal como expres\u00f3 el presidente N\u00e9stor Grindetti en Asunci\u00f3n. Sin embargo, las posibilidades de sufrir consecuencias son m\u00e1s altas:\u00a0<b>posible expulsi\u00f3n de la Copa Sudamericana y varios partidos sin p\u00fablico<\/b>.<\/p>\n<\/div>\n","protected":false},"excerpt":{"rendered":"<div class=\"mh-excerpt\"><p>Se suspendi\u00f3 el partido entre\u00a0Independiente y Platense.\u00a0La Agencia de Prevenci\u00f3n de Violencia en el Deporte (Aprevide) dispuso la suspensi\u00f3n y reprogramaci\u00f3n del encuentro, que iba a disputarse el domingo por la fecha 6 de la <a class=\"mh-excerpt-more\" href=\"https:\/\/www.masrojo.com.ar\/home\/2025\/08\/23\/se-suspendio-el-partido-con-platense-por-la-liga-profesional\/\" title=\"Se suspendi\u00f3 el partido con Platense por la Liga Profesional\">[&#8230;]<\/a><\/p>\n<\/div>","protected":false},"author":6,"featured_media":39730,"comment_status":"closed","ping_status":"closed","sticky":false,"template":"","format":"image","meta":{"_jetpack_memberships_contains_paid_content":false,"footnotes":"","jetpack_publicize_message":"","jetpack_publicize_feature_enabled":true,"jetpack_social_post_already_shared":true,"jetpack_social_options":{"image_generator_settings":{"template":"highway","enabled":false},"version":2}},"categories":[4],"tags":[],"class_list":{"0":"post-75956","1":"post","2":"type-post","3":"status-publish","4":"format-image","5":"has-post-thumbnail","7":"category-actualidad","8":"post_format-post-format-image"},"jetpack_publicize_connections":[],"jetpack_sharing_enabled":true,"jetpack_featured_media_url":"https:\/\/i0.wp.com\/www.masrojo.com.ar\/home\/wp-content\/uploads\/lda.jpg?fit=1200%2C634&ssl=1","jetpack_shortlink":"https:\/\/wp.me\/p90W9F-jL6","_links":{"self":[{"href":"https:\/\/www.masrojo.com.ar\/home\/wp-json\/wp\/v2\/posts\/75956"}],"collection":[{"href":"https:\/\/www.masrojo.com.ar\/home\/wp-json\/wp\/v2\/posts"}],"about":[{"href":"https:\/\/www.masrojo.com.ar\/home\/wp-json\/wp\/v2\/types\/post"}],"author":[{"embeddable":true,"href":"https:\/\/www.masrojo.com.ar\/home\/wp-json\/wp\/v2\/users\/6"}],"replies":[{"embeddable":true,"href":"https:\/\/www.masrojo.com.ar\/home\/wp-json\/wp\/v2\/comments?post=75956"}],"version-history":[{"count":1,"href":"https:\/\/www.masrojo.com.ar\/home\/wp-json\/wp\/v2\/posts\/75956\/revisions"}],"predecessor-version":[{"id":75957,"href":"https:\/\/www.masrojo.com.ar\/home\/wp-json\/wp\/v2\/posts\/75956\/revisions\/75957"}],"wp:featuredmedia":[{"embeddable":true,"href":"https:\/\/www.masrojo.com.ar\/home\/wp-json\/wp\/v2\/media\/39730"}],"wp:attachment":[{"href":"https:\/\/www.masrojo.com.ar\/home\/wp-json\/wp\/v2\/media?parent=75956"}],"wp:term":[{"taxonomy":"category","embeddable":true,"href":"https:\/\/www.masrojo.com.ar\/home\/wp-json\/wp\/v2\/categories?post=75956"},{"taxonomy":"post_tag","embeddable":true,"href":"https:\/\/www.masrojo.com.ar\/home\/wp-json\/wp\/v2\/tags?post=75956"}],"curies":[{"name":"wp","href":"https:\/\/api.w.org\/{rel}","templated":true}]}}